{"id":3984,"date":"2025-02-05T12:50:14","date_gmt":"2025-02-05T12:50:14","guid":{"rendered":"https:\/\/braingain.pd.al\/?p=3984"},"modified":"2025-02-15T12:51:54","modified_gmt":"2025-02-15T12:51:54","slug":"11-maji-dita-kur-shqiptaret-do-ti-thone-stop-genjeshtrave-sharjeve-dhe-perbuzjes-se-rames","status":"publish","type":"post","link":"https:\/\/braingain.pd.al\/sq\/11-maji-dita-kur-shqiptaret-do-ti-thone-stop-genjeshtrave-sharjeve-dhe-perbuzjes-se-rames\/","title":{"rendered":"11 maji, dita kur shqiptar\u00ebt do t&#8217;i thon\u00eb &#8216;stop&#8217; g\u00ebnjeshtrave, sharjeve dhe p\u00ebrbuzj\u00ebs s\u00eb ram\u00ebs"},"content":{"rendered":"<p><strong>Nga Ilir Pecnikaj<\/strong><\/p>\n<p>N\u00eb monologun e radh\u00ebs, Edi Rama p\u00ebrball\u00eb rinis\u00eb ndryshe nga paraardh\u00ebsi i tij (Alia) iu drejtua opozit\u00ebs me nj\u00eb gjuh\u00eb lincuese duke u p\u00ebrpjekur ta t\u00ebrheqi at\u00eb n\u00eb batakun e tij. Me nj\u00eb model t\u00eb vjetruar tashm\u00eb ai i`u referua shifrave t\u00eb dyshimta dhe hera her\u00ebs me kast duke i ngat\u00ebrruar ato sipas modelit Basha. Kjo taktik\u00eb tashm\u00eb e dal\u00eb boje ku n\u00eb &#8220;shfaqen&#8221; e radh\u00ebs ai u nda i vet\u00ebk\u00ebnaqur pasi vet\u00ebmori miratimin e publikut p\u00ebrmes shifrave t\u00eb manipuluar. Ndon\u00ebse duhet abandonuar n\u00eb batakun e tij, po analizoj disa nga pohimet q\u00eb ai b\u00ebri p\u00ebrmes nj\u00eb analize t\u00eb thelluar.<\/p>\n<p><strong>1.\u00a0\u00a0\u00a0 Rritja e GDP-s\u00eb:<\/strong><\/p>\n<div id=\"rekl-13\">\n<div id=\"__sap-ad-15\" class=\"__sap-ads __sap-html inline tracked\" data-title=\"Credins desktop Brenda lajmit 08\">N\u00eb fjalimin e tij, Edi Rama deklaroi se Produkti i Brendsh\u00ebm Bruto (GDP) i Shqip\u00ebris\u00eb \u00ebsht\u00eb rritur 2.6 her\u00eb q\u00eb nga viti 2013 deri n\u00eb vitin 2024. G\u00ebnjesht\u00ebr:<\/div>\n<\/div>\n<p>Sipas t\u00eb dh\u00ebnave t\u00eb Institutit t\u00eb Statistikave (ISTAT), GDP-ja n\u00eb vitin 2013 ishte 1.35 trilion lek\u00eb, nd\u00ebrsa n\u00eb vitin 2024 ajo ka arritur 2.33 trilion lek\u00eb \u2013 nj\u00eb rritje prej 72%.<\/p>\n<p>Por \u00e7far\u00eb harroi Edi Rama t\u00eb p\u00ebrmend\u00eb?<\/p>\n<p>Indeksimin e inflacionit, i cili gjat\u00eb k\u00ebtyre 11 viteve ka arritur n\u00eb 32.5%, q\u00eb do t\u00eb thot\u00eb se rritja reale e GDP-s\u00eb \u00ebsht\u00eb shum\u00eb m\u00eb e ul\u00ebt se sa e paraqitur nga ai. N\u00eb k\u00ebt\u00eb m\u00ebnyr\u00eb ai indeksimin e tij\u00eb u mundua t\u00f9a shes\u00eb pun\u00ebmar\u00ebsve shtet dhe pencionist\u00ebve si ritje masive e rog\u00ebs nd\u00ebrkoh\u00eb q\u00eb kishte nj\u00eb dekad\u00eb q\u00eb nuk indeksonte asnj\u00ebrin prej tyre. Me gjith\u00eb ritjen e rogav<\/p>\n<p>Jam i bindur se me kast ai ka ngat\u00ebruar GDP me Buxhetin e qeverise, por k\u00ebtunuk jam shum\u00eb i bindur se piktor hesapi.<\/p>\n<p><strong>2.\u00a0\u00a0\u00a0 Sektori i teknologjis\u00eb dixhitale: Shifra pa substanc\u00eb dhe rroga t\u00eb ul\u00ebta.<\/strong><\/p>\n<p>Edi Rama permendi si nj\u00eb rritje t\u00eb pa par\u00eb\u00a0 sektorin e teknologjis\u00eb dixhitale , p\u00ebr t\u00eb cilin ai tha se n\u00eb vitin 2024 ka pasur 14,974 persona t\u00eb pun\u00ebsuar, me nj\u00eb portofol eksporti prej183 milion\u00eb euro. Megjithat\u00eb, kur e krahasojm\u00eb k\u00ebt\u00eb me eksportin e p\u00ebrgjithsh\u00ebm t\u00eb Shqip\u00ebris\u00eb q\u00eb \u00ebsht\u00eb 3.6 miliard\u00eb euro (sipas ISTAT), ky sektor p\u00ebrfaq\u00ebson vet\u00ebm rreth 5% t\u00eb eksporteve, ose vet\u00ebm 0.8% t\u00eb GDP-s\u00eb n\u00eb total.<\/p>\n<p>Si mund t\u00eb mburr\u00ebt p\u00ebr nj\u00eb faktor t\u00eb till\u00eb ku edhe n\u00eb k\u00ebt\u00eb sektor rroga mesatare p\u00ebr punonj\u00ebsit \u00ebsht\u00eb vet\u00ebm 800-900 euro, ku edhe Kosova fqinje ka nj\u00eb rrog\u00eb mesatare prej 1000 euro?! P\u00ebr m\u00eb tep\u00ebr, kjo \u00ebsht\u00eb rroga m\u00eb e ul\u00ebt n\u00eb t\u00eb gjith\u00eb Ballkanin Per\u00ebndimor, duke d\u00ebshmuar nj\u00eb politik\u00eb t\u00eb d\u00ebshtuar t\u00eb shtetit p\u00ebr t\u00eb rritur konkurrenc\u00ebn dhe mund\u00ebsit\u00eb p\u00ebr profesionist\u00ebt e rinj.<\/p>\n<p><strong>3.\u00a0\u00a0\u00a0 Arsimi n\u00eb kriz\u00eb: R\u00ebnia e regjistrimeve dhe mbyllja e deg\u00ebve ndryshme.<\/strong><\/p>\n<p>Kur Edi Rama p\u00ebrmendi sistemin arsimor, dhe mburret se nuk ka pasur asnj\u00eb ankes\u00eb p\u00ebr m\u00ebnyr\u00ebn e e regjistrimit n\u00eb universitetet shqiptare.<\/p>\n<p>P\u00ebr t\u00eb qar\u00eb apo p\u00ebr t\u00eb qeshur?!<\/p>\n<p>Realiteti \u00ebsht\u00eb krejt ndryshe.<\/p>\n<p>Shum\u00eb deg\u00eb universitare jan\u00eb mbyllur, pasi nuk ka mjaftuesh\u00ebm student\u00eb p\u00ebr t\u2019i mbushur ato. Edhe deg\u00ebt m\u00eb t\u00eb k\u00ebrkuara, si mjek\u00ebsia, vitin e kaluar vler\u00ebsuesit jan\u00eb detyruar t\u00eb ulin kuotat e pranimit dhe t\u00eb pranojn\u00eb student\u00eb me rezultate t\u00eb ul\u00ebta, madje deri n\u00eb 25 pik\u00eb nga 100 t\u00eb mundshme (kujtoj se vler\u00ebsimi m\u00eb i ul\u00ebt p\u00ebr kalim n\u00eb karrieren universitet \u00ebsht\u00eb 45 pik\u00eb).<\/p>\n<p>P\u00ebr t\u00eb sqaruar kryeministrin e INSTALAZIONIT (me k\u00ebto q\u00eb thot\u00eb vec KM I shqiptar\u00ebve nuk \u00ebsht\u00eb), n\u00eb vitin 2013, Shqip\u00ebria kishte 390,000 nx\u00ebn\u00ebs t\u00eb regjistruar n\u00eb ciklin parauniversitar, nd\u00ebrsa n\u00eb vitin 2022 ky num\u00ebr ra n\u00eb 277,000, duke u ulur me rreth 30%. Kjo \u00ebsht\u00eb nj\u00eb shenj\u00eb e qart\u00eb e kriz\u00ebs q\u00eb ka kapluar sistemin arsimor dhe t\u00eb rinjt\u00eb shqiptar\u00eb, t\u00eb cil\u00ebt nuk po gjejn\u00eb m\u00eb mund\u00ebsi t\u00eb q\u00ebndrueshme p\u00ebr t\u00eb vazhduar shkollimin e tyre n\u00eb Shqip\u00ebri.<\/p>\n<p><strong>4.\u00a0\u00a0\u00a0 Inteligjenca artificiale n\u00eb shkolla.<\/strong><\/p>\n<p>Duke e p\u00ebrs\u00ebritur disa her\u00eb tha se n\u00eb vitin 2013 ka q\u00ebn\u00eb \u201czerrrro\u201d.<\/p>\n<p>Si mund t\u00eb bejm\u00eb q\u00eb t\u2019ja kujtojm\u00eb z. Rama se shteti i par\u00eb n\u00eb europ\u00eb q\u00eb e ka futur IA n\u00eb shkolla ka q\u00ebn\u00eb Estonia e cila e eksperimentoj p\u00ebr her\u00eb t\u00eb par\u00eb n\u00eb vitin 2019, dhe quhet si pionere e k\u00ebsaj id\u00eb. Pra n\u00eb 2013 nuk kishte IA por n\u00eb t\u00eb gjitha shkollat qeveria Berisha coj internetin, p\u00ebr t\u00eb cilin aso kohe ti talleshe, sepse nuk e besoje q\u00eb do e arrinte. Por p\u00ebr at\u00eb koh\u00eb kaq ishte e mjaftueshme nd\u00ebrsa sot p\u00ebr fatin t\u00ebnd t\u00eb keq duhen investime goxha t\u00eb konsiderueshme pasi internetin e ka me vete cdo studentdhe godinat e bukura pa p\u00ebrmbajtje nuk prodhojn\u00eb elita q\u00eb v\u00ebndi ka shum\u00eb nevoje.<\/p>\n<p>5.\u00a0\u00a0\u00a0 Qytetar\u00ebt n\u00eb 11 Maj do mb\u00ebshtesin opozit\u00ebn sikund\u00ebr fqinj\u00ebt tan\u00eb pasi besoj ka mbaruar\u00a0 koha e k\u00ebtij patriarkut t\u00eb fundit n\u00eb ballkan. Tashm\u00eb qytetar\u00ebt e drobitur p\u00ebrgjat\u00eb k\u00ebsaj dekade duan ndryshimin pasi Kryeministri Rama nuk ka m\u00eb se c`ti premtoj\u00eb qytetar\u00ebve dhe k\u00ebsaj here skalet\u00ebs i mbaruan g\u00ebrmat. P\u00ebrball\u00eb tij q\u00ebndron propozimi serjoz, kreu i opozit\u00ebs Sali Berisha q\u00eb megjith\u00eb sulmet si nga brenda dhe jasht teritorit jo vet\u00ebm q\u00ebndron n\u00eb k\u00ebmb\u00eb por dhe sjell shpres\u00eb p\u00ebrmes nj\u00eb programi serjoz p\u00ebr t\u00eb rim\u00ebk\u00ebmbur vendin duke filluar nga Arsimi dhe Sh\u00ebndetsia. Tashm\u00eb ky politikan karriere ka dh\u00ebn\u00eb prova se di si ta ripopulloi s\u00ebrisht k\u00ebt\u00eb vend me shqiptar\u00eb, prandaj vota e 11 Majit do t\u00eb jet\u00eb sinjali i nj\u00eb fillimi t\u00eb ri p\u00ebr Shqip\u00ebrin\u00eb!<\/p>\n","protected":false},"excerpt":{"rendered":"<p>Nga Ilir Pecnikaj N\u00eb monologun e radh\u00ebs, Edi Rama p\u00ebrball\u00eb rinis\u00eb ndryshe nga paraardh\u00ebsi i tij (Alia) iu drejtua opozit\u00ebs me nj\u00eb gjuh\u00eb lincuese duke u p\u00ebrpjekur ta t\u00ebrheqi at\u00eb n\u00eb batakun e tij. Me nj\u00eb model t\u00eb vjetruar tashm\u00eb ai i`u referua shifrave t\u00eb dyshimta dhe hera her\u00ebs me kast duke i ngat\u00ebrruar ato [&hellip;]<\/p>\n","protected":false},"author":1,"featured_media":3985,"comment_status":"closed","ping_status":"closed","sticky":false,"template":"","format":"standard","meta":{"footnotes":""},"categories":[26],"tags":[],"class_list":["post-3984","post","type-post","status-publish","format-standard","has-post-thumbnail","hentry","category-politike"],"_links":{"self":[{"href":"https:\/\/braingain.pd.al\/sq\/wp-json\/wp\/v2\/posts\/3984","targetHints":{"allow":["GET"]}}],"collection":[{"href":"https:\/\/braingain.pd.al\/sq\/wp-json\/wp\/v2\/posts"}],"about":[{"href":"https:\/\/braingain.pd.al\/sq\/wp-json\/wp\/v2\/types\/post"}],"author":[{"embeddable":true,"href":"https:\/\/braingain.pd.al\/sq\/wp-json\/wp\/v2\/users\/1"}],"replies":[{"embeddable":true,"href":"https:\/\/braingain.pd.al\/sq\/wp-json\/wp\/v2\/comments?post=3984"}],"version-history":[{"count":1,"href":"https:\/\/braingain.pd.al\/sq\/wp-json\/wp\/v2\/posts\/3984\/revisions"}],"predecessor-version":[{"id":3986,"href":"https:\/\/braingain.pd.al\/sq\/wp-json\/wp\/v2\/posts\/3984\/revisions\/3986"}],"wp:featuredmedia":[{"embeddable":true,"href":"https:\/\/braingain.pd.al\/sq\/wp-json\/wp\/v2\/media\/3985"}],"wp:attachment":[{"href":"https:\/\/braingain.pd.al\/sq\/wp-json\/wp\/v2\/media?parent=3984"}],"wp:term":[{"taxonomy":"category","embeddable":true,"href":"https:\/\/braingain.pd.al\/sq\/wp-json\/wp\/v2\/categories?post=3984"},{"taxonomy":"post_tag","embeddable":true,"href":"https:\/\/braingain.pd.al\/sq\/wp-json\/wp\/v2\/tags?post=3984"}],"curies":[{"name":"wp","href":"https:\/\/api.w.org\/{rel}","templated":true}]}}