{"id":3889,"date":"2024-12-16T11:35:51","date_gmt":"2024-12-16T11:35:51","guid":{"rendered":"https:\/\/braingain.pd.al\/?p=3889"},"modified":"2024-12-28T11:36:02","modified_gmt":"2024-12-28T11:36:02","slug":"drejtesia-popullore-e-ndoc-rrokut-perballe-demokracise-shekullore-rast-krahasimor-mes-frances-dhe-shqiperise","status":"publish","type":"post","link":"https:\/\/braingain.pd.al\/sq\/drejtesia-popullore-e-ndoc-rrokut-perballe-demokracise-shekullore-rast-krahasimor-mes-frances-dhe-shqiperise\/","title":{"rendered":"Drejt\u00ebsia popullore e Ndoc Rrokut p\u00ebrball\u00eb demokracis\u00eb shekullore &#8211; Rast krahasimor mes Franc\u00ebs dhe Shqip\u00ebris\u00eb"},"content":{"rendered":"<p><strong>Nga Ted Kopliku \u2013 An\u00ebtar i departamentit Brain Gain n\u00eb PD \u2013 N\u00eb kuad\u00ebr t\u00eb laboratorit t\u00eb ideve.<\/strong><\/p>\n<p>N\u00eb Franc\u00eb \u00ebsht\u00eb hapur nj\u00eb proces gjyq\u00ebsor ndaj Marine Le Pen, kandidatja potenciale e t\u00eb djatht\u00ebs n\u00eb zgjedhjet e ardhshme presidenciale, dhe me shum\u00eb mund\u00ebsi presidentja e par\u00eb fem\u00ebr. Ajo hetohet p\u00ebr shp\u00ebrdorim t\u00eb fondeve p\u00ebr asistent\u00ebt parlamentar\u00eb n\u00eb Parlamentin Evropian, t\u00eb cilat pretendohet t\u2019i ket\u00eb p\u00ebrdorur p\u00ebr partin\u00eb e saj, dhe p\u00ebr t\u00eb k\u00ebrkohet 5 vite heqje lirie, dy prej t\u00eb cilave me burg t\u00eb mbyllur. P\u00ebrve\u00e7 k\u00ebsaj k\u00ebrkohet t\u00eb jet\u00eb e pa kandidueshme p\u00ebr 5 vite me ekzekutim t\u00eb menj\u00ebhersh\u00ebm. Por \u00e7far\u00eb ndodh n\u00eb Franc\u00eb ndryshe nga n\u00eb Shqip\u00ebri?<\/p>\n<div class=\"readmore-text-here\">\n<p>Franca ka t\u00eb shenjt\u00eb ndarjen e pushteteve dhe vendimet e drejt\u00ebsis\u00eb nuk para vihen n\u00eb pik\u00ebpyetje. Megjithat\u00eb, ndryshe nga vendi yn\u00eb, ku non-gratat pa asnj\u00eb pesh\u00eb juridike, apo mbajtja n\u00ebn arrest pa prov\u00eb q\u00eb tundeshin nga banaqet mediatike tek ata t\u00eb mejhaneve, klasa politike franceze kund\u00ebrshtoi me forc\u00eb nd\u00ebrhyrjen e drejt\u00ebsis\u00eb n\u00eb politik\u00eb. Nga mb\u00ebshtet\u00ebsit kryesor\u00eb t\u00eb Le Pen tek kund\u00ebrshtar\u00ebt m\u00eb t\u00eb p\u00ebrbetuar t\u00eb saj than\u00eb nj\u00eb z\u00ebri q\u00eb nuk mund t\u00eb vendosin prokuror\u00ebt, pa u kaluar gjitha hallkat e gjykimit, se kush duhet t\u00eb kandidoj\u00eb ose jo. M\u00eb t\u00eb spikaturat ishin reagimet e G\u00e9rald Darmanin (ish-minist\u00ebr i brendsh\u00ebm i Emmanuel Macron) apo p\u00ebrfaq\u00ebsuesi i t\u00eb majt\u00ebs ekstreme M\u00e9lenchon q\u00eb nuk zgjodh\u00ebn as heshtjen p\u00ebrball\u00eb k\u00ebtij procesi, por ju bashkuan kritikave t\u00eb gjith\u00eb klas\u00ebs politike franceze duke e quajtur skandaloz, rrezik p\u00ebr demokracin\u00eb, apo diktat i nj\u00eb qeverie prokuror\u00ebsh.<\/p>\n<div id=\"rekl-13\">\n<div id=\"__sap-ad-15\" class=\"__sap-ads __sap-html inline tracked\" data-title=\"Credins desktop Brenda lajmit 08\">Klasa politike n\u00eb Franc\u00eb, pavar\u00ebsisht bindjeve, nuk heziton ta quaj\u00eb k\u00ebt\u00eb fenomen konfiskim t\u00eb demokracis\u00eb dhe ta kritikoj\u00eb si t\u00eb pamoralsh\u00ebm dhe t\u00eb pa drejt\u00eb privimin e miliona francez\u00ebve t\u00eb votojn\u00eb. \u201cAjo duhet t\u00eb mundet n\u00eb kutin\u00eb e votimit, jo n\u00eb banakun e t\u00eb akuzuarit\u201d, \u201cpopullit dhe jo prokuror\u00ebve i takon t\u00eb vendosin n\u00ebse ajo votohet\u201d, \u201cndalim i vullnetit t\u00eb popullit\u201d, \u201cpenges\u00eb p\u00ebr debatin politik\u201d, \u201cpa vendos n\u00eb pyetje gjykimin, metoda \u00ebsht\u00eb e rrezikshme\u201d, \u201cdrejt\u00ebsi ideologjike\u201d dhe t\u00eb tjera kritika b\u00ebn\u00eb bashk\u00eb klas\u00ebn politike franceze, ku pa p\u00ebrjashtim insistonin t\u00eb kaloheshin t\u00eb gjitha shkall\u00ebt e gjykimit para se t\u00eb impaktohej demokracia.<\/div>\n<\/div>\n<p>Sali Berisha dhe e djathta shqiptare jan\u00eb p\u00ebrballur me nj\u00eb realitet krejt t\u00eb ndrysh\u00ebm. Tashm\u00eb edhe partit\u00eb e djathta n\u00eb Evrop\u00eb dhe m\u00eb gjer\u00eb, apo mediat prestigjoze nd\u00ebrkomb\u00ebtare bien dakord p\u00ebr persekutimin e opozit\u00ebs dhe liderit t\u00eb saj n\u00eb k\u00ebto tre vite. Lider\u00eb t\u00eb burgosur e t\u00eb izoluar, si n\u00eb asnj\u00eb vend tjet\u00ebr evropian me k\u00ebto shifra, kan\u00eb pasur p\u00ebrball\u00eb nj\u00eb drejt\u00ebsi q\u00eb jo vet\u00ebm nuk krijon kushte t\u00eb barabarta garimi apo nuk heton krimin elektoral q\u00eb del qartazi n\u00eb dosjet e ardhura nga partner\u00ebt evropian\u00eb, por edhe nj\u00eb drejt\u00ebsi t\u00eb mitizuar nga mediat apo ambasadat, q\u00eb i ka l\u00ebn\u00eb vend nj\u00eb kulture t\u00eb gjyqeve popullore.<\/p>\n<p>L\u00ebnia n\u00eb dy pal\u00eb zgjedhje pa sig\u00ebl, vul\u00eb, simbole dhe fonde, humbja e bashkis\u00eb s\u00eb Himar\u00ebs, izolimi i lider\u00ebve t\u00eb opozit\u00ebs, jan\u00eb vendime, t\u00eb cilat kan\u00eb shkaktuar dhe vazhdojn\u00eb t\u00eb shkaktojn\u00eb nj\u00eb dob\u00ebsim t\u00eb opozit\u00ebs. Drejt\u00ebsia vazhdon si nj\u00eb k\u00ebrba\u00e7 kund\u00ebr opozit\u00ebs dhe askush nuk mendon p\u00ebr d\u00ebmet e pa zhb\u00ebshme q\u00eb i b\u00ebhen opozit\u00ebs dhe jet\u00ebs politike n\u00eb vend.<\/p>\n<p>Drejt\u00ebsia popullore, mediat apo mb\u00ebshtet\u00ebsit e pushtetit n\u00eb Shqip\u00ebri vazhdojn\u00eb t\u2019i tundin opozit\u00ebs dhe mb\u00ebshtet\u00ebsve t\u00eb saj kart\u00ebn e purifikimit t\u00eb \u201cpolitik\u00ebs s\u00eb vjet\u00ebr\u201d nga instrument anti-demokratik\u00eb n\u00eb em\u00ebr t\u00eb demokracis\u00eb. Ndryshe nga Franca q\u00eb brenda vitit ndryshoi dy qeveri, Shqip\u00ebria vazhdon t\u00eb mbetet peng i drejt\u00ebsis\u00eb popullore dhe grushtit t\u00eb shtetit institucional duke treguar edhe nj\u00eb her\u00eb q\u00eb nuk kemi mb\u00ebrritur akoma as adoleshenc\u00ebn e demokracis\u00eb si shoq\u00ebri.<\/p>\n<p>&nbsp;<\/p>\n<\/div>\n<div id=\"rekl-45\"><\/div>\n<div id=\"rekl-16\"><\/div>\n<div id=\"rekl-33\"><\/div>\n","protected":false},"excerpt":{"rendered":"<p>Nga Ted Kopliku \u2013 An\u00ebtar i departamentit Brain Gain n\u00eb PD \u2013 N\u00eb kuad\u00ebr t\u00eb laboratorit t\u00eb ideve. N\u00eb Franc\u00eb \u00ebsht\u00eb hapur nj\u00eb proces gjyq\u00ebsor ndaj Marine Le Pen, kandidatja potenciale e t\u00eb djatht\u00ebs n\u00eb zgjedhjet e ardhshme presidenciale, dhe me shum\u00eb mund\u00ebsi presidentja e par\u00eb fem\u00ebr. Ajo hetohet p\u00ebr shp\u00ebrdorim t\u00eb fondeve p\u00ebr asistent\u00ebt [&hellip;]<\/p>\n","protected":false},"author":1,"featured_media":3890,"comment_status":"closed","ping_status":"closed","sticky":false,"template":"","format":"standard","meta":{"footnotes":""},"categories":[26,50],"tags":[],"class_list":["post-3889","post","type-post","status-publish","format-standard","has-post-thumbnail","hentry","category-politike","category-sisteme-gjyqesore-kushtetute-dhe-ligje"],"_links":{"self":[{"href":"https:\/\/braingain.pd.al\/sq\/wp-json\/wp\/v2\/posts\/3889","targetHints":{"allow":["GET"]}}],"collection":[{"href":"https:\/\/braingain.pd.al\/sq\/wp-json\/wp\/v2\/posts"}],"about":[{"href":"https:\/\/braingain.pd.al\/sq\/wp-json\/wp\/v2\/types\/post"}],"author":[{"embeddable":true,"href":"https:\/\/braingain.pd.al\/sq\/wp-json\/wp\/v2\/users\/1"}],"replies":[{"embeddable":true,"href":"https:\/\/braingain.pd.al\/sq\/wp-json\/wp\/v2\/comments?post=3889"}],"version-history":[{"count":1,"href":"https:\/\/braingain.pd.al\/sq\/wp-json\/wp\/v2\/posts\/3889\/revisions"}],"predecessor-version":[{"id":3891,"href":"https:\/\/braingain.pd.al\/sq\/wp-json\/wp\/v2\/posts\/3889\/revisions\/3891"}],"wp:featuredmedia":[{"embeddable":true,"href":"https:\/\/braingain.pd.al\/sq\/wp-json\/wp\/v2\/media\/3890"}],"wp:attachment":[{"href":"https:\/\/braingain.pd.al\/sq\/wp-json\/wp\/v2\/media?parent=3889"}],"wp:term":[{"taxonomy":"category","embeddable":true,"href":"https:\/\/braingain.pd.al\/sq\/wp-json\/wp\/v2\/categories?post=3889"},{"taxonomy":"post_tag","embeddable":true,"href":"https:\/\/braingain.pd.al\/sq\/wp-json\/wp\/v2\/tags?post=3889"}],"curies":[{"name":"wp","href":"https:\/\/api.w.org\/{rel}","templated":true}]}}