{"id":2657,"date":"2023-02-28T20:59:09","date_gmt":"2023-02-28T20:59:09","guid":{"rendered":"https:\/\/braingain.pd.al\/?p=2657"},"modified":"2024-11-21T21:00:52","modified_gmt":"2024-11-21T21:00:52","slug":"selia-e-partise-demokratike-pertej-politikes","status":"publish","type":"post","link":"https:\/\/braingain.pd.al\/sq\/selia-e-partise-demokratike-pertej-politikes\/","title":{"rendered":"Selia e Partis\u00eb Demokratike p\u00ebrtej politik\u00ebs"},"content":{"rendered":"<p><strong>Andi Mustafaj Drejtues i Departamentit dhe Bledi Shahu An\u00ebtar i Departamentit BrainGain<br \/>\n<\/strong><\/p>\n<p><span data-sheets-root=\"1\">Disa arsye se p\u00ebrse sht\u00ebpia jon\u00eb duhet t\u00eb b\u00ebhet edhe simboli yn\u00eb kulturor<br \/>\nSimbolet jan\u00eb forca t\u00eb \u00e7uditshme. Nuk ka r\u00ebnd\u00ebsi n\u00ebse i kuptojm\u00eb apo jo, n\u00ebse i shohim apo jo. Ato gjenden gjithkund n\u00eb jet\u00ebn ton\u00eb dhe kan\u00eb nj\u00eb ndikim t\u00eb madh n\u00eb luhatjet dhe zhvillimet e shoq\u00ebris\u00eb dhe shtetit.<br \/>\nN\u00eb Shqip\u00ebri, m\u00eb shum\u00eb se n\u00eb vendet e tjera, ne nuk i kuptojm\u00eb mir\u00eb simbolet. Propaganda e pandalshme e sistemit komunist, ka prodhuar nj\u00eb popull t\u00eb \u00e7oroditur, t\u00eb gjymtuar n\u00eb aft\u00ebsin\u00eb e tij p\u00ebr t\u00eb p\u00ebrvet\u00ebsuar dhe p\u00ebr ti nd\u00ebrtuar ato.<br \/>\nI nd\u00ebrgjegjsh\u00ebm p\u00ebr k\u00ebto dob\u00ebsi t\u00eb trash\u00ebguara, Edi Rama ka vendosur autokracin\u00eb e tij duke u mb\u00ebshtetur n\u00eb Sistemin te Konfuzionit t\u00eb P\u00ebrhersh\u00ebm (SKOP) q\u00eb ka krijuar. Shum\u00ebzimi i simboleve negative dhe i vlerave t\u00eb k\u00ebqija duket se po p\u00ebrfundon t\u00eb gjunj\u00ebzoj\u00eb nj\u00eb popull pa pika referimi.<br \/>\n\u00cbsht\u00eb thelb\u00ebsore q\u00eb Partia Demokratike, p\u00ebr shkak t\u00eb asaj q\u00eb p\u00ebrfaq\u00ebson n\u00eb historin\u00eb e Shqip\u00ebris\u00eb post komuniste, si forca e par\u00eb opozitare n\u00eb vend t\u00eb rijet\u00ebsoj betej\u00ebn e simboleve.<br \/>\nP\u00ebr demokrat\u00ebt, familja dhe \u00e7do gj\u00eb rreth saj jan\u00eb n\u00eb qend\u00ebr t\u00eb identitetit politik. N\u00eb nj\u00eb far\u00eb m\u00ebnyre, duhet ta trajtojm\u00eb edhe Partin\u00eb Demokratike si nj\u00eb shtes\u00eb t\u00eb familjes dhe t\u00eb sillemi nj\u00eblloj brenda saj. Kjo n\u00ebnkupton nj\u00eb respekt t\u00eb ve\u00e7ant\u00eb p\u00ebr sht\u00ebpin\u00eb. Sht\u00ebpia e demokrat\u00ebve \u00ebsht\u00eb selia qendrore e saj. Ajo \u00ebsht\u00eb nj\u00eb objekt thell\u00ebsisht simbolik, \u00ebsht\u00eb nj\u00eb objekt ku gjejm\u00eb shpres\u00eb, d\u00ebshir\u00eb, pasion.<br \/>\nM\u00eb e pakta q\u00eb mund t\u00eb themi \u00ebsht\u00eb q\u00eb sht\u00ebpia jon\u00eb ka vuajtur shum\u00eb vitet e fundit. Me nj\u00eb pafuqi stoike, ajo na ka par\u00eb t\u00eb mbyllemi, t\u00eb blindohemi, t\u00eb goditemi nga regjimi i Rilindjes. Sht\u00ebpia jon\u00eb na ka par t\u00eb humbasim zgjedhje, t\u00eb braktisim zgjedhje. Th\u00ebn\u00eb ndryshe, th\u00ebn\u00eb shkurt, ajo po kthehet n\u00eb m\u00ebnyr\u00eb t\u00eb ngadalt\u00eb n\u00eb nj\u00eb simbol negativ p\u00ebr ne demokrat\u00ebt.<br \/>\nSht\u00ebpia jon\u00eb nuk e meriton nj\u00eb fat t\u00eb till\u00eb. Sht\u00ebpia jon\u00eb \u00ebsht\u00eb e madhe, \u00ebsht\u00eb e bukur, lejon hap\u00ebsira ku \u00ebnd\u00ebrrimtar\u00ebt t\u00eb \u00ebnd\u00ebrrojn\u00eb, mendimtar\u00ebt t\u00eb mendojn\u00eb. Ka korridore t\u00eb gjera, tavan t\u00eb lart\u00eb, oborr t\u00eb bollsh\u00ebm, kafe t\u00eb madhe. Ajo duhet t\u00eb g\u00ebloj\u00eb nga zhurma e pashtershme e zemrave t\u00eb etura p\u00ebr liri.<br \/>\nQ\u00eb sht\u00ebpia jon\u00eb t\u00eb luaj plot\u00ebsisht rolin e saj, q\u00eb t\u00eb shkoj p\u00ebrtej politik\u00ebs dhe t\u00eb b\u00ebhet simboli yn\u00eb pozitiv, simboli yn\u00eb kulturor, ajo duhet t\u00eb zmadhohet, t\u00eb zgjerohet. Ajo ka nevoj\u00eb dhe mund\u00ebsi t\u00eb shnd\u00ebrrohet n\u00eb nj\u00eb qend\u00ebr me rrezatim kulturor mbas orareve t\u00eb mbylljes se saj, pra kryesisht n\u00eb darke dhe n\u00eb dit\u00ebt e fundjav\u00ebs.<br \/>\nDuhet t\u00eb shohim koncerte t\u00eb organizuara te oborri, promovime librash te kafja, ekspozita pikture te korridoret. Workshope artistike apo Movie nights n\u00eb ambiente t\u00eb hapura ku mund t\u00eb shfaqen gjithashtu edhe dokumentar\u00eb. Takime me Artist\u00eb apo intelektual\u00eb t\u00eb ndrysh\u00ebm ku mund t\u00eb beh\u00ebn biseda dhe t\u00eb ndahen ide.<br \/>\nK\u00ebshtu mund promovojm\u00eb t\u00eb rinj demokrat\u00eb, artist\u00eb q\u00ebndrestar\u00eb, mund t\u00eb tregojm\u00eb pasurin\u00eb ton\u00eb kulturore, t\u00eb lart\u00ebsojm\u00eb traditat, t\u00eb tregojm\u00eb q\u00eb vlera e atyre q\u00eb punuan p\u00ebr demokracin\u00eb n\u00eb Shqip\u00ebri nuk do vdes\u00eb kurr\u00eb. Ky dimension kulturor nuk do t\u2019ia cenoj\u00eb aspak p\u00ebrmbajtjen thell\u00ebsisht politike q\u00eb ka kjo seli si shtatmadhori e PD-s\u00eb<br \/>\nP\u00ebrpos ngritjes s\u00eb nj\u00eb simboli t\u00eb ri p\u00ebr demokrat\u00ebt dhe shqiptar\u00ebt, ky vizion i ri do mund\u00ebsoj\u00eb decentralizimin dhe zgjerimin n\u00eb m\u00ebnyr\u00eb progresive t\u00eb sken\u00ebs kulturore e cila do t\u00eb b\u00ebhet nj\u00ebkoh\u00ebsisht m\u00eb e hapur p\u00ebr t\u00eb gjith\u00eb mendimet dhe krijimet q\u00eb nuk gjejn\u00eb vend n\u00eb propagand\u00ebn e qeveris\u00eb. Suksesi i nj\u00eb nisme t\u00eb till\u00eb mund t\u00eb shum\u00ebzohet m\u00eb pas n\u00eb selit e tjera t\u00eb Partis\u00eb Demokratike n\u00eb t\u00eb gjitha qytetet e vendit.<br \/>\nN\u00eb \u00e7do hap q\u00eb hedhim, duhet t\u00eb tregojm\u00eb se jemi kund\u00ebr shembulli i Rilindjes autokratike dhe kriminale, duhet q\u00eb \u00e7do veprim t\u00eb shkoj n\u00eb drejtimin e asaj q\u00eb ne duam t\u00eb p\u00ebrfaq\u00ebsojm\u00eb. Selia p\u00ebrtej politik\u00ebs, sht\u00ebpia jon\u00eb e p\u00ebrbashk\u00ebt, hapi i par\u00eb n\u00eb betej\u00ebn e rijet\u00ebsimit t\u00eb simboleve si hap i paz\u00ebvend\u00ebsuesh\u00ebm i rind\u00ebrtimit t\u00eb lidhjes me qytetar\u00ebt shqiptar\u00eb.<br \/>\nAndi Mustafaj, Drejtues i Departamentit Brain Gain dhe Ekselenc\u00ebs i Partis\u00eb Demokratike<br \/>\nBlendi Shahu, An\u00ebtar Departamentit Brain Gain dhe Ekselenc\u00ebs i Partis\u00eb Demokratike<br \/>\n<\/span><\/p>\n","protected":false},"excerpt":{"rendered":"<p>Andi Mustafaj Drejtues i Departamentit dhe Bledi Shahu An\u00ebtar i Departamentit BrainGain Disa arsye se p\u00ebrse sht\u00ebpia jon\u00eb duhet t\u00eb b\u00ebhet edhe simboli yn\u00eb kulturor Simbolet jan\u00eb forca t\u00eb \u00e7uditshme. Nuk ka r\u00ebnd\u00ebsi n\u00ebse i kuptojm\u00eb apo jo, n\u00ebse i shohim apo jo. Ato gjenden gjithkund n\u00eb jet\u00ebn ton\u00eb dhe kan\u00eb nj\u00eb ndikim t\u00eb madh [&hellip;]<\/p>\n","protected":false},"author":1,"featured_media":2658,"comment_status":"closed","ping_status":"closed","sticky":false,"template":"","format":"standard","meta":{"footnotes":""},"categories":[28],"tags":[],"class_list":["post-2657","post","type-post","status-publish","format-standard","has-post-thumbnail","hentry","category-kulture"],"_links":{"self":[{"href":"https:\/\/braingain.pd.al\/sq\/wp-json\/wp\/v2\/posts\/2657","targetHints":{"allow":["GET"]}}],"collection":[{"href":"https:\/\/braingain.pd.al\/sq\/wp-json\/wp\/v2\/posts"}],"about":[{"href":"https:\/\/braingain.pd.al\/sq\/wp-json\/wp\/v2\/types\/post"}],"author":[{"embeddable":true,"href":"https:\/\/braingain.pd.al\/sq\/wp-json\/wp\/v2\/users\/1"}],"replies":[{"embeddable":true,"href":"https:\/\/braingain.pd.al\/sq\/wp-json\/wp\/v2\/comments?post=2657"}],"version-history":[{"count":1,"href":"https:\/\/braingain.pd.al\/sq\/wp-json\/wp\/v2\/posts\/2657\/revisions"}],"predecessor-version":[{"id":2659,"href":"https:\/\/braingain.pd.al\/sq\/wp-json\/wp\/v2\/posts\/2657\/revisions\/2659"}],"wp:featuredmedia":[{"embeddable":true,"href":"https:\/\/braingain.pd.al\/sq\/wp-json\/wp\/v2\/media\/2658"}],"wp:attachment":[{"href":"https:\/\/braingain.pd.al\/sq\/wp-json\/wp\/v2\/media?parent=2657"}],"wp:term":[{"taxonomy":"category","embeddable":true,"href":"https:\/\/braingain.pd.al\/sq\/wp-json\/wp\/v2\/categories?post=2657"},{"taxonomy":"post_tag","embeddable":true,"href":"https:\/\/braingain.pd.al\/sq\/wp-json\/wp\/v2\/tags?post=2657"}],"curies":[{"name":"wp","href":"https:\/\/api.w.org\/{rel}","templated":true}]}}