{"id":2576,"date":"2023-12-23T19:43:35","date_gmt":"2023-12-23T19:43:35","guid":{"rendered":"https:\/\/braingain.pd.al\/?p=2576"},"modified":"2024-11-19T19:45:11","modified_gmt":"2024-11-19T19:45:11","slug":"cmimi-i-apatise-eshte-tirania","status":"publish","type":"post","link":"https:\/\/braingain.pd.al\/sq\/cmimi-i-apatise-eshte-tirania\/","title":{"rendered":"\u00c7mimi i apatis\u00eb \u00ebsht\u00eb tirania"},"content":{"rendered":"<p><span data-sheets-root=\"1\"><strong>Nga Aurora Bar\u00e7i an\u00ebtare e Deprtamentit Brain Gain<\/strong><\/span><\/p>\n<p><span data-sheets-root=\"1\"><br \/>\n&#8220;Sipas Montesquieu, &#8216;Pushteti i nj\u00eb princi n\u00eb oligarki nuk \u00ebsht\u00eb aq i rreziksh\u00ebm sa apatia e nj\u00eb qytetari n\u00eb nj\u00eb demokraci&#8217;.<br \/>\nKy koncept, bashk\u00eb me th\u00ebnien e Martin Luther King Jr., &#8216;Askush nuk t\u00eb hip dot n\u00eb kurriz n\u00ebse ti nuk p\u00ebrkulesh&#8217;, thekson r\u00ebnd\u00ebsin\u00eb e q\u00ebndrimit aktiv t\u00eb qytetar\u00ebve dhe shoq\u00ebris\u00eb civile n\u00eb mbrojtjen e t\u00eb drejtave dhe lirive t\u00eb tyre.<br \/>\nGjat\u00eb 10 viteve t\u00eb fundit, p\u00ebrmes skandaleve t\u00eb nj\u00ebpasnj\u00ebshme dhe protestave t\u00eb stisura me kufizime q\u00eb nuk i prishnin axhend\u00ebn Qeveris\u00eb, Rilindja ka ushtruar Eksperimentin e Bretkoses mbi shqiptar\u00ebt, eksperiment q\u00eb ka ulur shpres\u00ebn p\u00ebr ndryshim tek qytetar\u00ebt.<br \/>\nKjo ka b\u00ebr\u00eb q\u00eb fuqia reaguese e qytetar\u00ebve t\u00eb ulet. Opozita n\u00eb Shqip\u00ebri, e udh\u00ebhequr nga ish-kryeministri Sali Berisha, ka nj\u00eb rol jetik n\u00eb kontrollin dhe balancimin e pushtetit.<br \/>\nDenoncimet e b\u00ebra nga opozita p\u00ebr afera korruptive lidhen drejtp\u00ebrdrejt me interesat e qytetar\u00ebve dhe mir\u00ebqenien e tyre, me faktin se pse shqiptar\u00ebt \u00e7do dit\u00eb e m\u00eb shum\u00eb detyrohen t\u00eb braktisin vendin.<br \/>\nProtestat nuk jan\u00eb vet\u00ebm p\u00ebr opozit\u00ebn, por p\u00ebr t\u00eb gjith\u00eb shqiptar\u00ebt, p\u00ebr t\u00eb mbrojtur demokracin\u00eb dhe t\u00eb ardhmen e brezave.<br \/>\nShoq\u00ebria civile duhet t\u00eb jet\u00eb e gatshme t\u00eb veproj\u00eb dhe t\u00eb reagoj\u00eb p\u00ebr t\u00eb mbrojtur vlerat demokratike.<br \/>\nHeqja e imunitetit t\u00eb Sali Berish\u00ebs, nj\u00eb figur\u00eb ky\u00e7e n\u00eb historin\u00eb e pluralizmit dhe demokracis\u00eb n\u00eb Shqip\u00ebri, ngre shqet\u00ebsime serioze mbi gjendjen e demokracis\u00eb. Ky akt simbolizon nj\u00eb hap drejt nj\u00eb sistemi m\u00eb autoritar, ku liria e shprehjes dhe e veprimit politik duket se po kufizohet.<br \/>\nNuk duhet t\u00eb harrojm\u00eb se Shqip\u00ebria \u00ebsht\u00eb nj\u00eb vend q\u00eb aspiron t\u00eb b\u00ebhet an\u00ebtare e BE-s\u00eb n\u00eb t\u00eb ardhmen, por me t\u00eb tilla kushte demokracie n\u00eb vend, ku opozit\u00ebs nuk i lejohet hyrja n\u00eb parlament, po shkojm\u00eb drejt Lindjes, jo Per\u00ebndimit.<br \/>\nDuhet t\u00eb jemi t\u00eb kujdessh\u00ebm, Historia nuk duhet t\u00eb p\u00ebrs\u00ebritet!<br \/>\nNe duhet t\u00eb kujtojm\u00eb se indiferenca dhe apatia mund t\u00eb \u00e7ojn\u00eb n\u00eb rritjen e autoritarizmit, \u00e7mimi i apatis\u00eb \u00ebsht\u00eb tirania.<br \/>\n\u00cbsht\u00eb koha q\u00eb qytetar\u00ebt shqiptar\u00eb t\u00eb gjejn\u00eb forc\u00ebn p\u00ebr t\u00eb vrar\u00eb frik\u00ebn dhe t\u00eb angazhohen aktivisht n\u00eb mbrojtjen e demokracis\u00eb.<br \/>\nKjo \u00ebsht\u00eb thelb\u00ebsore p\u00ebr t\u00eb siguruar nj\u00eb t\u00eb ardhme m\u00eb t\u00eb mir\u00eb dhe t\u00eb drejt\u00eb p\u00ebr Shqip\u00ebrin\u00eb dhe p\u00ebr t\u00eb avancuar n\u00eb rrug\u00ebn drejt integrimit n\u00eb Bashkimin Evropian.&#8221;<\/p>\n<p><\/span><\/p>\n","protected":false},"excerpt":{"rendered":"<p>Nga Aurora Bar\u00e7i an\u00ebtare e Deprtamentit Brain Gain &#8220;Sipas Montesquieu, &#8216;Pushteti i nj\u00eb princi n\u00eb oligarki nuk \u00ebsht\u00eb aq i rreziksh\u00ebm sa apatia e nj\u00eb qytetari n\u00eb nj\u00eb demokraci&#8217;. Ky koncept, bashk\u00eb me th\u00ebnien e Martin Luther King Jr., &#8216;Askush nuk t\u00eb hip dot n\u00eb kurriz n\u00ebse ti nuk p\u00ebrkulesh&#8217;, thekson r\u00ebnd\u00ebsin\u00eb e q\u00ebndrimit aktiv [&hellip;]<\/p>\n","protected":false},"author":1,"featured_media":2577,"comment_status":"closed","ping_status":"closed","sticky":false,"template":"","format":"standard","meta":{"footnotes":""},"categories":[26],"tags":[],"class_list":["post-2576","post","type-post","status-publish","format-standard","has-post-thumbnail","hentry","category-politike"],"_links":{"self":[{"href":"https:\/\/braingain.pd.al\/sq\/wp-json\/wp\/v2\/posts\/2576","targetHints":{"allow":["GET"]}}],"collection":[{"href":"https:\/\/braingain.pd.al\/sq\/wp-json\/wp\/v2\/posts"}],"about":[{"href":"https:\/\/braingain.pd.al\/sq\/wp-json\/wp\/v2\/types\/post"}],"author":[{"embeddable":true,"href":"https:\/\/braingain.pd.al\/sq\/wp-json\/wp\/v2\/users\/1"}],"replies":[{"embeddable":true,"href":"https:\/\/braingain.pd.al\/sq\/wp-json\/wp\/v2\/comments?post=2576"}],"version-history":[{"count":1,"href":"https:\/\/braingain.pd.al\/sq\/wp-json\/wp\/v2\/posts\/2576\/revisions"}],"predecessor-version":[{"id":2578,"href":"https:\/\/braingain.pd.al\/sq\/wp-json\/wp\/v2\/posts\/2576\/revisions\/2578"}],"wp:featuredmedia":[{"embeddable":true,"href":"https:\/\/braingain.pd.al\/sq\/wp-json\/wp\/v2\/media\/2577"}],"wp:attachment":[{"href":"https:\/\/braingain.pd.al\/sq\/wp-json\/wp\/v2\/media?parent=2576"}],"wp:term":[{"taxonomy":"category","embeddable":true,"href":"https:\/\/braingain.pd.al\/sq\/wp-json\/wp\/v2\/categories?post=2576"},{"taxonomy":"post_tag","embeddable":true,"href":"https:\/\/braingain.pd.al\/sq\/wp-json\/wp\/v2\/tags?post=2576"}],"curies":[{"name":"wp","href":"https:\/\/api.w.org\/{rel}","templated":true}]}}