{"id":2567,"date":"2023-05-21T19:38:22","date_gmt":"2023-05-21T19:38:22","guid":{"rendered":"https:\/\/braingain.pd.al\/?p=2567"},"modified":"2024-11-19T19:40:07","modified_gmt":"2024-11-19T19:40:07","slug":"nje-pergjigje-e-detyruar-per-personat-qe-gezohen-nga-situata-e-opozites-2","status":"publish","type":"post","link":"https:\/\/braingain.pd.al\/sq\/nje-pergjigje-e-detyruar-per-personat-qe-gezohen-nga-situata-e-opozites-2\/","title":{"rendered":"Nj\u00eb p\u00ebrgjigje e detyruar p\u00ebr personat q\u00eb g\u00ebzohen nga situata e Opozit\u00ebs (2)"},"content":{"rendered":"<p><strong>Nga Andi Mustafaj Drejtues i Departamentit Brain Gain<\/strong><\/p>\n<p><span data-sheets-root=\"1\">Vitet e basketbollit kan\u00eb qen\u00eb vite t\u00eb shtrenjta p\u00ebr mua. Ato m\u00eb kan\u00eb dh\u00ebn\u00eb disa nga shok\u00ebt m\u00eb t\u00eb mir\u00eb t\u00eb jet\u00ebs, disa nga trajner\u00ebt q\u00eb m\u00eb kan\u00eb frym\u00ebzuar m\u00eb shum\u00eb, nj\u00eb disiplin\u00eb dhe nj\u00eb mentalitet t\u00eb fort\u00eb.<br \/>\nN\u00eb k\u00ebt\u00eb periudh\u00eb t\u00eb turbullt m\u00eb kujtohen ve\u00e7an\u00ebrisht m\u00ebsimet q\u00eb kam marr\u00eb n\u00eb lidhje me gjuajtjet e lira. P\u00ebrpara se t\u00eb gjuaje, duhej rregulluar fryma, qet\u00ebsuar stresi dhe mbi t\u00eb gjitha duhej shuar zhurma q\u00eb t\u00eb rrethon n\u00eb m\u00ebnyr\u00eb q\u00eb t\u00eb ishe i sakt\u00eb n\u00eb gjuajte.<br \/>\nDit\u00ebt q\u00eb kan\u00eb pasuar zgjedhjet e 14 Majit kan\u00eb qen\u00eb disa nga dit\u00ebt m\u00eb t\u00eb zhurmshme q\u00eb kam par\u00eb n\u00eb jet\u00ebn time t\u00eb shkurt\u00ebr politike. Nga formula magjike n\u00eb formul\u00eb magjike, nj\u00eb num\u00ebr i madh personash kan\u00eb p\u00ebrmbytur hap\u00ebsir\u00ebn publike. Secili prej tyre e din se \u00e7far\u00eb duhej t\u00eb b\u00ebhej dhe se \u00e7far\u00eb duhet b\u00ebr\u00eb.<br \/>\nUn\u00eb nuk kam formul\u00eb magjike p\u00ebr t\u00eb propozuar sepse nuk besoj se n\u00eb politik\u00eb nj\u00eb gj\u00eb e till\u00eb ekziston. Nuk besoj gjithashtu se vendime duhet t\u00eb merren n\u00ebn emocionin e madh q\u00eb na ka mb\u00ebrthyer. Emocioni \u00ebsht\u00eb forc\u00eb motor\u00eb n\u00eb koh\u00eb fushate por n\u00eb koh\u00eb t\u00eb tilla, ku humbja e njollosur nga mekanizma t\u00eb gjithanshme manipulimi na ka \u00e7oroditur, pres nga drejtuesit gjakftoht\u00ebsi, largpam\u00ebsi dhe frym\u00ebzim.<br \/>\nP\u00ebrpara se nj\u00eb sistem autokratik t\u00eb rr\u00ebzohet duhet n\u00eb radh\u00eb t\u00eb par\u00eb q\u00eb t\u00eb krijohet besimi brenda qytetar\u00ebve q\u00eb ai mund t\u00eb rr\u00ebzohet. \u00cbsht\u00eb nj\u00eb etap\u00eb e pashmangshme, \u00ebsht\u00eb nj\u00eb rrug\u00ebtim shpirt\u00ebror. P\u00ebrbind\u00ebshi duhet t\u00eb plagoset q\u00eb njer\u00ebzit ta shohin se mund t\u00eb vritet.<br \/>\nUn\u00eb mendoja se dinamika q\u00eb Partia Demokratike ka njohur n\u00eb mbi nj\u00eb vit, n\u00ebp\u00ebrmjet Foltores, Kuvendit, Referendumit, Rithemelimit dhe Primareve ishte e nj\u00eb natyre t\u00eb till\u00eb q\u00eb ta krijoi at\u00eb besim. Kund\u00ebr shtetit, gjykatave dhe manipulimeve t\u00eb m\u00ebdha t\u00eb nj\u00eb grupi oportunist\u00ebsh, ne arrit\u00ebm t\u00eb rr\u00ebzojm\u00eb n\u00eb m\u00ebnyr\u00eb demokratike Kryetarin n\u00eb detyr\u00eb t\u00eb opozit\u00ebs. Nj\u00eb simbol i madh ky i forc\u00ebs qytetare.<br \/>\nFatkeq\u00ebsisht, rr\u00ebnj\u00ebt e s\u00eb keqes ishin t\u00eb groposura m\u00eb thell\u00eb n\u00eb tok\u00eb. N\u00eb k\u00ebto kushte opozita kishte dhe ka nevoj\u00eb p\u00ebr simbole pozitive mbi t\u00eb cilat mund t\u00eb nd\u00ebrtoj\u00eb dhe t\u00eb frym\u00ebzoj\u00eb. Dhe simbole pozitive kemi pasur n\u00eb k\u00ebto zgjedhje. Vler\u00ebsoj me r\u00ebnd\u00ebsi ti kujtojm\u00eb dhe t\u00eb nd\u00ebrtojm\u00eb rreth tyre.<br \/>\nN\u00eb radh\u00eb t\u00eb par\u00eb k\u00ebto zgjedhje kan\u00eb mund\u00ebsuar daljen e nj\u00eb brezi t\u00eb ri opozitar\u00ebsh. Si asnj\u00ebher\u00eb m\u00eb par\u00eb, kandidat\u00ebt e opozit\u00ebs s\u00eb bashkuar dhe ekipet e tyre kan\u00eb b\u00ebr\u00eb fushat\u00eb kund\u00ebr t\u00eb gjith\u00eb mjeteve q\u00eb imagjinata fatkeq\u00ebsisht e shfrenuar e Edi Ram\u00ebs ka prodhuar.<br \/>\nFakti q\u00eb shum\u00eb prej tyre nuk kan\u00eb fituar nuk do t\u00eb thot\u00eb q\u00eb ata nuk vlejn\u00eb apo nuk kan\u00eb prodhuar politik\u00eb. Un\u00eb jam i bindur q\u00eb shum\u00eb prej tyre kan\u00eb form\u00ebsuar nj\u00eb karakter t\u00eb fort\u00eb dhe kan\u00eb p\u00ebrfituar nj\u00eb eksperienc\u00eb t\u00eb madhe. Ata duhet t\u00eb jen\u00eb n\u00eb qend\u00ebr t\u00eb em\u00ebrimeve dhe misioneve t\u00eb reja q\u00eb do vendosen<br \/>\nN\u00eb radh\u00eb t\u00eb dyt\u00eb k\u00ebto zgjedhje kan\u00eb prodhuar dy fitore shum\u00eb simbolike, nga ato simbole q\u00eb shkojn\u00eb p\u00ebrtej nj\u00eb njeriu apo nj\u00eb qyteti. Duke qen\u00eb simbole pozitive t\u00eb Partis\u00eb Demokratike, Rilindja do b\u00ebj\u00eb \u00e7do gj\u00eb q\u00eb ata t\u00eb d\u00ebshtojn\u00eb. Si rrjedhoj\u00eb, Fisnik Qosja n\u00eb Kavaj\u00eb dhe Albert M\u00eblyshi n\u00eb Mirdit\u00eb duhet t\u00eb jen\u00eb fokusi kryesor i veprimtaris\u00eb son\u00eb politike.<br \/>\nQytetet q\u00eb ata tashm\u00eb drejtojn\u00eb duhet t\u00eb kthehen n\u00eb Laborator\u00eb Suksesi t\u00eb Partis\u00eb Demokratike. Duhet imagjinuar m\u00ebnyra q\u00eb burimet njer\u00ebzore t\u00eb investohen n\u00eb m\u00ebnyr\u00eb masive, q\u00eb idet\u00eb t\u00eb v\u00ebrshojn\u00eb dhe t\u00eb tregojm\u00eb q\u00eb jemi n\u00eb lart\u00ebsin\u00eb e duhur. \u00cbsht\u00eb jet\u00ebsore q\u00eb jo vet\u00ebm programet mbi t\u00eb cilat ata jan\u00eb zgjedhur t\u00eb realizohen por edhe t\u00eb shkohet p\u00ebrtej tyre.<br \/>\nDepartamenti Brain Gain q\u00eb drejtoj ka filluar tashm\u00eb t\u00eb mendoj rreth k\u00ebsaj \u00e7\u00ebshtje por q\u00eb Kavaja dhe Mir\u00ebdita t\u00eb transformohen n\u00eb Laborator\u00eb Suksesi duhet nj\u00eb angazhim gjith\u00ebp\u00ebrfshir\u00ebs.<br \/>\nVijon&#8230;<br \/>\n<\/span><\/p>\n","protected":false},"excerpt":{"rendered":"<p>Nga Andi Mustafaj Drejtues i Departamentit Brain Gain Vitet e basketbollit kan\u00eb qen\u00eb vite t\u00eb shtrenjta p\u00ebr mua. Ato m\u00eb kan\u00eb dh\u00ebn\u00eb disa nga shok\u00ebt m\u00eb t\u00eb mir\u00eb t\u00eb jet\u00ebs, disa nga trajner\u00ebt q\u00eb m\u00eb kan\u00eb frym\u00ebzuar m\u00eb shum\u00eb, nj\u00eb disiplin\u00eb dhe nj\u00eb mentalitet t\u00eb fort\u00eb. N\u00eb k\u00ebt\u00eb periudh\u00eb t\u00eb turbullt m\u00eb kujtohen ve\u00e7an\u00ebrisht m\u00ebsimet [&hellip;]<\/p>\n","protected":false},"author":1,"featured_media":2568,"comment_status":"closed","ping_status":"closed","sticky":false,"template":"","format":"standard","meta":{"footnotes":""},"categories":[26],"tags":[],"class_list":["post-2567","post","type-post","status-publish","format-standard","has-post-thumbnail","hentry","category-politike"],"_links":{"self":[{"href":"https:\/\/braingain.pd.al\/sq\/wp-json\/wp\/v2\/posts\/2567","targetHints":{"allow":["GET"]}}],"collection":[{"href":"https:\/\/braingain.pd.al\/sq\/wp-json\/wp\/v2\/posts"}],"about":[{"href":"https:\/\/braingain.pd.al\/sq\/wp-json\/wp\/v2\/types\/post"}],"author":[{"embeddable":true,"href":"https:\/\/braingain.pd.al\/sq\/wp-json\/wp\/v2\/users\/1"}],"replies":[{"embeddable":true,"href":"https:\/\/braingain.pd.al\/sq\/wp-json\/wp\/v2\/comments?post=2567"}],"version-history":[{"count":1,"href":"https:\/\/braingain.pd.al\/sq\/wp-json\/wp\/v2\/posts\/2567\/revisions"}],"predecessor-version":[{"id":2569,"href":"https:\/\/braingain.pd.al\/sq\/wp-json\/wp\/v2\/posts\/2567\/revisions\/2569"}],"wp:featuredmedia":[{"embeddable":true,"href":"https:\/\/braingain.pd.al\/sq\/wp-json\/wp\/v2\/media\/2568"}],"wp:attachment":[{"href":"https:\/\/braingain.pd.al\/sq\/wp-json\/wp\/v2\/media?parent=2567"}],"wp:term":[{"taxonomy":"category","embeddable":true,"href":"https:\/\/braingain.pd.al\/sq\/wp-json\/wp\/v2\/categories?post=2567"},{"taxonomy":"post_tag","embeddable":true,"href":"https:\/\/braingain.pd.al\/sq\/wp-json\/wp\/v2\/tags?post=2567"}],"curies":[{"name":"wp","href":"https:\/\/api.w.org\/{rel}","templated":true}]}}