{"id":2551,"date":"2023-03-01T19:28:39","date_gmt":"2023-03-01T19:28:39","guid":{"rendered":"https:\/\/braingain.pd.al\/?p=2551"},"modified":"2024-11-19T19:30:35","modified_gmt":"2024-11-19T19:30:35","slug":"kellici-takim-me-brain-gain-do-te-perfshiheni-ne-betejen-per-tiranen-veliaj-model-i-korrupsionit","status":"publish","type":"post","link":"https:\/\/braingain.pd.al\/sq\/kellici-takim-me-brain-gain-do-te-perfshiheni-ne-betejen-per-tiranen-veliaj-model-i-korrupsionit\/","title":{"rendered":"K\u00eblli\u00e7i, takim me &#8216;Brain Gain&#8217;: Do t\u00eb p\u00ebrfshiheni n\u00eb betej\u00ebn p\u00ebr Tiran\u00ebn! Veliaj &#8211; model i korrupsionit!"},"content":{"rendered":"<p><span data-sheets-root=\"1\">P\u00ebrball\u00eb modelit Veliaj, i ngritur mbi parat\u00eb e korrupsionit, Belind K\u00eblli\u00e7i thot\u00eb se ofron nj\u00eb model tjet\u00ebr p\u00ebr Tiran\u00ebn, at\u00eb t\u00eb nj\u00eb t\u00eb riu q\u00eb beson tek morali dhe njer\u00ebzit e thjesht\u00eb.<br \/>\nN\u00eb bashk\u00ebbisedimin q\u00eb zhvilloi me student\u00ebt shqiptar\u00eb jasht\u00eb vendit, K\u00eblli\u00e7i shpjegoi se me motivimin p\u00ebr t\u00eb kandiduar p\u00ebr Tiran\u00ebn do t\u00eb braktis\u00eb muajin tjet\u00ebr mandatin e deputetit.<br \/>\n&#8220;Kam punuar 12 vite n\u00eb strukturat e PD, nga pozicioni m\u00eb i thjesht\u00eb p\u00ebr t\u00eb marr\u00eb k\u00ebt\u00eb mandat deputeti, t\u00eb cilin un\u00eb n\u00eb muajin Mars do ta dor\u00ebzoj, p\u00ebr t&#8217;u futur n\u00eb betej\u00ebn p\u00ebr Tiran\u00ebn. Arsyeja kryesore \u00ebsht\u00eb guximi dhe forca p\u00ebr t\u00eb dh\u00ebn\u00eb nj\u00eb shembull personal, p\u00ebr t&#8217;i hyr\u00eb nj\u00eb beteje t\u00eb pabarabart\u00eb p\u00ebr shkak t\u00eb fuqis\u00eb financiare q\u00eb vjen p\u00ebr shkak t\u00eb korrupsionit t\u00eb kryetarit aktual t\u00eb Bashkis\u00eb, dhe fuqis\u00eb financiare dhe fuqis\u00eb mediatike. Sepse t\u00eb gjith\u00eb e dim\u00eb q\u00eb ai \u00ebsht\u00eb shum\u00eb i pasur dhe kontrollon mediat, q\u00eb normalisht me nj\u00eb rrog\u00eb sa \u00e7&#8217;e ka kryetari i Bashkis\u00eb nuk ka pse t\u00eb jet\u00eb nj\u00eb perceptim q\u00eb \u00ebsht\u00eb kaq i pasur. Gjykoj q\u00eb m\u00eb bie barra t\u00eb prezantuar, promovuar nj\u00eb model krejt ndryshe, t\u00eb nj\u00eb t\u00eb riu q\u00eb ec\u00ebn para me ekip, me program, nuk stepet nga paraja e jasht\u00ebzakonshme e k\u00ebsaj makinerie q\u00eb kam p\u00ebrball\u00eb, dhe q\u00eb b\u00ebn nj\u00eb betej\u00eb p\u00ebr moral dhe bazuar tek njer\u00ebzit e thjesht\u00eb&#8221;<br \/>\nNga t\u00eb rinjt\u00eb e Departamentit &#8220;Brain Gain&#8221; t\u00eb Partis\u00eb Demokratike u prek\u00ebn nj\u00eb s\u00ebr\u00eb temash, q\u00eb nga shpopullimi tek mungesa e kushteve minimale n\u00eb sallat e studimit p\u00ebr t\u00eb rinjt\u00eb, v\u00ebshtir\u00ebsit\u00eb e transportit urban, \u00e7mimet e librave dhe referendumet lokale.<br \/>\n&#8220;Ai shesh q\u00eb pret festa t\u00eb ndryshme, m\u00eb duket nj\u00eb simbol. e kam quajtur n\u00eb mendjen time si &#8220;Drama e madhe e nj\u00eb sheshi t\u00eb vog\u00ebl&#8221;, sepse kemi oligarkin\u00eb q\u00eb sheh qytetar\u00ebt t\u00eb b\u00ebjn\u00eb nj\u00eb qejf t\u00eb vog\u00ebl, t\u00eb mbipaguar. Jemi gjendur n\u00ebn rrethimin simbolik dhe real t\u00eb k\u00ebtij sistemi q\u00eb ka vendosur Erjon Veliaj&#8221;, tha kreu i Departamentit &#8220;Brain Gain&#8221; n\u00eb PD, Andi Mustafaj.<br \/>\n&#8220;Kryetari aktual i Bashkis\u00eb s\u00eb Tiran\u00ebs, \u00ebsht\u00eb shum\u00eb i z\u00ebn\u00eb duke b\u00ebr\u00eb foto, show, mbjellje pem\u00ebsh, celebrime festash martesash dhe \u00ebsht\u00eb shum\u00eb i distancuar nga hallet e qytetar\u00ebve&#8221;, tha Neada Stana, studente e masterit n\u00eb Torino.<br \/>\n&#8220;Q\u00eb prej vitit 1970 n\u00eb Janin\u00eb ekziston kampusi universitar me t\u00eb gjitha facilitetet, me zero kosto p\u00ebr tudent\u00ebt&#8221;, tha Xhuliana Dreshaj, studente n\u00eb Janin\u00eb, Greqi.<br \/>\n&#8220;I vetmi ndryshim q\u00eb shoh kur vij n\u00eb Tiran\u00eb, jan\u00eb kullat dhe nj\u00eb propagand\u00eb&#8221;, tha Henri Sharovci, student n\u00eb Mynih.<br \/>\nBashk\u00ebbisedimi me t\u00eb rinjt\u00eb q\u00eb studiojn\u00eb jasht\u00eb vendit u zhvillua n\u00eb kuad\u00ebr t\u00eb turit &#8220;Jam k\u00ebtu t&#8217;ju d\u00ebgjoj&#8221; t\u00eb kandidatit t\u00eb PD p\u00ebr Tiran\u00ebn, q\u00eb ka p\u00ebr synim mbajtjen sh\u00ebnim t\u00eb t\u00eb gjitha shqet\u00ebsimeve dhe propozimeve t\u00eb qytetar\u00ebve. N\u00eb p\u00ebrfundim t\u00eb tij, K\u00eblli\u00e7i do t\u00eb prezantoj\u00eb programin me t\u00eb cilin do t\u00eb drejtor\u00eb Bashkin\u00eb e Tiran\u00ebs, pas 14 Majit.<br \/>\n<\/span><\/p>\n","protected":false},"excerpt":{"rendered":"<p>P\u00ebrball\u00eb modelit Veliaj, i ngritur mbi parat\u00eb e korrupsionit, Belind K\u00eblli\u00e7i thot\u00eb se ofron nj\u00eb model tjet\u00ebr p\u00ebr Tiran\u00ebn, at\u00eb t\u00eb nj\u00eb t\u00eb riu q\u00eb beson tek morali dhe njer\u00ebzit e thjesht\u00eb. N\u00eb bashk\u00ebbisedimin q\u00eb zhvilloi me student\u00ebt shqiptar\u00eb jasht\u00eb vendit, K\u00eblli\u00e7i shpjegoi se me motivimin p\u00ebr t\u00eb kandiduar p\u00ebr Tiran\u00ebn do t\u00eb braktis\u00eb muajin [&hellip;]<\/p>\n","protected":false},"author":1,"featured_media":2553,"comment_status":"closed","ping_status":"closed","sticky":false,"template":"","format":"standard","meta":{"footnotes":""},"categories":[26],"tags":[],"class_list":["post-2551","post","type-post","status-publish","format-standard","has-post-thumbnail","hentry","category-politike"],"_links":{"self":[{"href":"https:\/\/braingain.pd.al\/sq\/wp-json\/wp\/v2\/posts\/2551","targetHints":{"allow":["GET"]}}],"collection":[{"href":"https:\/\/braingain.pd.al\/sq\/wp-json\/wp\/v2\/posts"}],"about":[{"href":"https:\/\/braingain.pd.al\/sq\/wp-json\/wp\/v2\/types\/post"}],"author":[{"embeddable":true,"href":"https:\/\/braingain.pd.al\/sq\/wp-json\/wp\/v2\/users\/1"}],"replies":[{"embeddable":true,"href":"https:\/\/braingain.pd.al\/sq\/wp-json\/wp\/v2\/comments?post=2551"}],"version-history":[{"count":1,"href":"https:\/\/braingain.pd.al\/sq\/wp-json\/wp\/v2\/posts\/2551\/revisions"}],"predecessor-version":[{"id":2552,"href":"https:\/\/braingain.pd.al\/sq\/wp-json\/wp\/v2\/posts\/2551\/revisions\/2552"}],"wp:featuredmedia":[{"embeddable":true,"href":"https:\/\/braingain.pd.al\/sq\/wp-json\/wp\/v2\/media\/2553"}],"wp:attachment":[{"href":"https:\/\/braingain.pd.al\/sq\/wp-json\/wp\/v2\/media?parent=2551"}],"wp:term":[{"taxonomy":"category","embeddable":true,"href":"https:\/\/braingain.pd.al\/sq\/wp-json\/wp\/v2\/categories?post=2551"},{"taxonomy":"post_tag","embeddable":true,"href":"https:\/\/braingain.pd.al\/sq\/wp-json\/wp\/v2\/tags?post=2551"}],"curies":[{"name":"wp","href":"https:\/\/api.w.org\/{rel}","templated":true}]}}