{"id":2309,"date":"2024-07-09T11:31:46","date_gmt":"2024-07-09T11:31:46","guid":{"rendered":"https:\/\/braingain.pd.al\/?p=2309"},"modified":"2024-12-24T12:45:31","modified_gmt":"2024-12-24T12:45:31","slug":"o-sot-o-kurre-shume-arsye-per-te-qene-bashke-me-11-korrik","status":"publish","type":"post","link":"https:\/\/braingain.pd.al\/sq\/o-sot-o-kurre-shume-arsye-per-te-qene-bashke-me-11-korrik\/","title":{"rendered":"O Sot, O Kurr\u00eb: Shum\u00eb arsye p\u00ebr t\u00eb qen\u00eb bashk\u00eb m\u00eb 11 Korrik!"},"content":{"rendered":"<p>N\u00eb koh\u00ebn kur drejt\u00ebsia dhe integriteti i vendit ton\u00eb po testohen thell\u00eb, \u00ebsht\u00eb koha q\u00eb z\u00ebri i shqiptar\u00ebve t\u00eb d\u00ebgjohet fuqish\u00ebm, e t\u00eb prevaloj\u00eb mbi propagand\u00ebn e nj\u00eb demokracie vet\u00ebm fasad\u00eb. N\u00eb mbi nj\u00eb dekad\u00eb, nj\u00eb qeverisje si kjo e tanishme ka hyr\u00eb n\u00eb histori p\u00ebr d\u00ebmet e shkaktuara ndaj kolonave m\u00eb t\u00eb r\u00ebnd\u00ebsishme t\u00eb shtetit shqiptar si arsimi, sh\u00ebndet\u00ebsia dhe ekonomia t\u00eb cilat jan\u00eb vendosur n\u00ebn p\u00ebrdorimp\u00ebr q\u00ebllime vetjake.<\/p>\n<p>Frut i shpopullimit masiv t\u00eb b\u00ebrtham\u00ebs s\u00eb vendit ton\u00eb, t\u00eb rinjt\u00eb, jo vet\u00ebm p\u00ebrkrahje q\u00eb nuk kan\u00eb gjetur, por p\u00ebrkundrazi, u \u00ebsht\u00eb ofruar \u00e7do dit\u00eb nga nj\u00eb arsye m\u00eb shum\u00eb p\u00ebr ta l\u00ebn\u00eb at\u00eb, duke harruar pas vetes prind\u00ebrit e tyre, nj\u00ebsoj si 33 vite m\u00eb par\u00eb.<\/p>\n<div id=\"rekl-13\">\n<div id=\"__sap-ad-15\" class=\"__sap-ads __sap-html inline tracked\" data-title=\"Credins desktop Brenda lajmit 08\">Niveli i papun\u00ebsis\u00eb n\u00eb Shqip\u00ebri q\u00eb kap vlerat e rreth 12%, me trend rritjeje \u00e7do vit, nuk zbutet madje m\u00eb shum\u00eb nxitet nga emigrimi i rreht 40% t\u00eb popullsis\u00ebnga viti 2013 e deri m\u00eb sot.<\/div>\n<\/div>\n<p>Shqiptar\u00ebt q\u00eb mbet\u00ebn, po jetojn\u00eb nj\u00eb fatkeq\u00ebsi ekonomike m\u00eb vete, kusipas t\u00eb dh\u00ebnave t\u00eb Eurostat, t\u00eb pakt\u00ebn deri n\u00eb vitin 2022, Shqip\u00ebria kishte 41.6% t\u00eb popullsis\u00eb n\u00eb rrezik t\u00eb varf\u00ebris\u00eb, niveli m\u00eb i lart\u00eb n\u00eb Europ\u00eb. N\u00eb p\u00ebrditshm\u00ebrin\u00eb e shqiptar\u00ebve, kjo p\u00ebrkthehet n\u00eb \u00e7mime t\u00eb shport\u00ebs nd\u00ebr m\u00eb t\u00eb lartat n\u00eb Europ\u00eb, \u00e7ka \u00ebsht\u00eb sfida ditore me t\u00eb cil\u00ebn p\u00ebrballet \u00e7do familje.<\/p>\n<p>\u00cbsht\u00eb koha per rikthimin e dinjitetit, rim\u00ebk\u00ebmbjen e vendit, \u00e7rr\u00ebnjosjen e kesaj peme t\u00eb kalbur m\u00eb s\u00eb shumti p\u00ebr t\u00eb gjith\u00eb student\u00ebt, t\u00eb cil\u00ebt nuk e shohin arsimimin n\u00eb vendine tyre si nj\u00eb mund\u00ebsi e edhe pse si kudo n\u00eb Evrop\u00eb, n\u00eb t\u00ebgjitha profesionet, do t\u00eb donin t\u00eb kishin mund\u00ebsi m\u00eb t\u00eb mira sesa avionin e pare.<\/p>\n<p>Nj\u00eb tjet\u00ebr shtres\u00eb q\u00eb vuan sot degradimin ekonomik t\u00eb vendit jan\u00eb pensionist\u00ebt, t\u00eb cil\u00ebt presin n\u00eb radh\u00eb t\u00eb gjata pensionin i cili shpenzohet m\u00eb shpejt sesa koha e pritur p\u00ebr ta t\u00ebrhequr at\u00eb.<\/p>\n<p>N\u00eb protest\u00ebn e radh\u00ebs dhe jo vet\u00ebm, luftojm\u00eb s\u00eb bashku p\u00ebr unitetin dhe mbrojtjen e familjes, p\u00ebrkrahjen e saj, t\u00eb cifteve t\u00eb reja, t\u00eb cil\u00ebt minimalisht kan\u00eb nevoj\u00eb p\u00ebr nje sht\u00ebpi, si hapi i par\u00eb qe do t\u2019u siguronte nj\u00eb jetes\u00eb dijnitoze n\u00eb Shqip\u00ebri.<\/p>\n<p>Shqip\u00ebria \u00ebsht\u00eb sot nj\u00eb vend i absurditeteve ekonomike, ku t\u00eb pakt\u00ebn rreth 60 mij\u00eb apartamente jan\u00eb bosh, nd\u00ebrsa\u00e7mimet p\u00ebr met\u00ebr katror nuk p\u00ebrballohen as nga rrogat e p\u00ebrfaq\u00ebsuesve n\u00eb parlament, edhe pse n\u00eb fakt nd\u00ebr m\u00eb t\u00eb majmurat, t\u00eb vet\u00ebngritura, si nj\u00eb premtim q\u00ebia b\u00ebn\u00eb vetes, e q\u00eb mbeti n\u00eb t\u00eb nj\u00ebjt\u00ebn koh\u00ebedhe i vetmi premtim i mbajtur.Nga ana tjet\u00ebr shqiptar\u00ebt vuajn\u00eb munges\u00ebn e nj\u00eb minimumi jetik, ku asistencat socialejan\u00eb shifra qesharake p\u00ebr t\u00eb \u201czgjedhurit me vot\u00ebn e lir\u00eb\u201d.<\/p>\n<p>Ne protestojm\u00eb p\u00ebr t\u00eb fshir\u00eb k\u00ebt\u00eb axhend\u00eb antishqiptare, q\u00eb ka shtrir\u00eb tentakulat tashm\u00ebedhe nd\u00ebr pasurit\u00eb kulturore-natyrore t\u00eb vendit, t\u00eb vendosura n\u00eb dispozicion n\u00ebn planin e \u201cinvestitorit strategjik\u201d.<\/p>\n<p>Protestojm\u00eb p\u00ebr t\u2018u rikthyer n\u00eb Shqip\u00ebrin\u00ebe v\u00ebrtet\u00eb turistike, si nj\u00eb destinacion ku investohet mir\u00ebfilltazi, dhe jo nj\u00eb katrahur\u00eb infrastrukturore, frut i investimeve t\u00eb arnuara q\u00eb sh\u00ebrbejn\u00eb vet\u00ebm si justifikim p\u00ebr tenderat korruptiv\u00eb.<\/p>\n<p>\u201cKush e harron t\u00eb shkuar\u00ebn, \u00ebsht\u00eb i destinuar ta rijetoj\u00eb at\u00eb!\u201dHistoria na vendos p\u00ebrball\u00eb detyr\u00ebs p\u00ebr ta kujtuar err\u00ebsir\u00ebn e sistemit nj\u00ebpartiak n\u00eb flet\u00ebt e zverdhura t\u00eb kombit ton\u00eb, e p\u00ebr t\u00eb reaguar \u00e7do her\u00eb kur orvatjet p\u00ebr rikthimin e saj b\u00ebhen realitet. N\u00eb list\u00ebn e gjat\u00eb t\u00eb arsyeve p\u00ebr t\u2018u bashkuar m\u00eb 11 korrik, k\u00ebrkesa p\u00ebr liriminnga arresti politik i lideritt\u00eb opozit\u00ebs shqiptare, Prof. Dr. Sali Berisha, \u00ebsht\u00eb detyr\u00eb ndaj pluralizmit dhe p\u00ebrpjekjeve p\u00ebr demokraci.<\/p>\n<p>T\u00eb gjith\u00eb ne, demokrat\u00eb, opozitar\u00eb, bij e bija t\u00eb k\u00ebtij kombi, emigrant\u00eb q\u00ebndjejn\u00eb detyr\u00ebn t\u00eb rikthehen p\u00ebr t\u00eb mb\u00ebshtetur k\u00ebt\u00eb moment historik, duhet t\u2018i vihemip\u00ebrball\u00eb k\u00ebtij sistemi q\u00eb ka mpir\u00eb kauzat e drejta. Duhet t\u2018i q\u00ebndrojm\u00eb p\u00ebrball\u00eb t\u00eb vetmes qeveri n\u00eb t\u00eb cil\u00ebn skandali p\u00ebrndjek skandalin. N\u00eb \u00e7do vend ku ish zv.kryeministri fshihet n\u00eb arrati duke rr\u00ebfyer implikimin dhe b\u00ebmat e bashk\u00ebpun\u00ebtor\u00ebve t\u00eb tij qeveritar\u00eb n\u00eb afera korruptive dhe mafioze, ku administrata punon n\u00ebn k\u00ebrc\u00ebnimet politike, e ku korrupsioni vegjeton n\u00eb \u00e7do institucion, p\u00ebrgjigjia do t\u00eb ishte vet\u00ebm revolt\u00eb.<\/p>\n<p>Protestojm\u00eb sepse taksat e paguara nuk justifikojn\u00eb asnj\u00eb sh\u00ebrbim publik, edhe pse vendosin rekorde kostosh n\u00eb nivel global, ku 1-km rrug\u00eb = 1-gram flori 18 karat (Autostrada e re Thuman\u00eb-Kashar).<\/p>\n<p>Protestojm\u00eb p\u00ebr nj\u00eb sistem sh\u00ebndet\u00ebsor q\u00eb zhg\u00ebnjen duke l\u00ebn\u00eb n\u00eb m\u00ebshir\u00eb t\u00eb fatit qindra shqiptar\u00eb n\u00eb dit\u00ebviktima t\u00eb \u201csh\u00ebndet\u00ebsis\u00eb falas\u201d, t\u00eb cil\u00ebt mes lutjeve k\u00ebrkojn\u00eb d\u00ebshp\u00ebrimisht medikamentet q\u00eb nuk do t\u00eb jen\u00eb privatizuar nga klinika privateebluzave t\u00eb bardha me n\u00eb krye ministrat erilindjes.<\/p>\n<p>N\u00eb pjes\u00ebmarrjen masive t\u00eb k\u00ebsaj proteste na bashkon zhg\u00ebnjimi dhe fyerja si qytetar\u00eb, si shqiptar\u00eb, kur d\u00ebshmojm\u00eb se si mundohen t\u00eb z\u00ebn\u00eb diellin me shosh\u00eb, p\u00ebr t\u00eb mbuluard\u00ebshtimet e q\u00ebllimshme, pasojat e s\u00eb cil\u00ebs, sa vijn\u00eb dhe r\u00ebndohen.<\/p>\n<p>Jan\u00eb nj\u00eb mij\u00eb e nj\u00eb arsyet q\u00eb m\u00eb bindin se si cdo protest\u00eb tjet\u00ebr komb\u00ebtare e thirrur nga Partia Demokratike, dhe kjo protest\u00eb do t\u00eb shkund\u00eb Kryeministrin\u00eb duke i rikujtuar rolin e harruar t\u00eb saj n\u00eb sh\u00ebrbim t\u00eb shqiptar\u00ebve, si institucion i ngritur mbi gjakun dhe sakrificat e popullit shqiptar.<\/p>\n<p>N\u00eb 11 Korrik n\u00eb or\u00ebn 20:00, me bindje, si ju, si un\u00eb, si cdo shqiptar dhe shqiptare, do t\u00eb jemi aty, me kok\u00ebn lart\u00eb, ashtu si na p\u00ebrshkruan historia, si e kemi treguar dhe m\u00eb par\u00eb,p\u00ebr t\u00eb k\u00ebrkuar asgj\u00eb m\u00eb shume ve\u00e7 asaj q\u00ebna takon:Llogari p\u00ebr t\u00eb gjitha, dhe gjith\u00e7ka! Deri n\u00eb largimin e qeveris\u00eb, p\u00ebr t\u2018i l\u00ebn\u00eb vendin rinis\u00eb, pasardh\u00ebsve t\u00eb gjenerat\u00ebs q\u00eb me gjak kund\u00ebrshtuan regjimin e 90\u2019, shtetin policor autokrat dhe prangat e idealizmave monopartiak\u00eb.<\/p>\n<p><strong>Amarildo Veizi,<\/strong><\/p>\n<p><strong>An\u00ebtar i Departamentit Brain Gain dhe Ekselenca n\u00eb Partin\u00eb Demokratike,<\/strong><\/p>\n<p><strong>Sekretar Organizativ i Partis\u00eb Demokratike n\u00eb Deg\u00ebn nr. 8, Tiran\u00eb<\/strong><\/p>\n","protected":false},"excerpt":{"rendered":"<p>N\u00eb koh\u00ebn kur drejt\u00ebsia dhe integriteti i vendit ton\u00eb po testohen thell\u00eb, \u00ebsht\u00eb koha q\u00eb z\u00ebri i shqiptar\u00ebve t\u00eb d\u00ebgjohet fuqish\u00ebm, e t\u00eb prevaloj\u00eb mbi propagand\u00ebn e nj\u00eb demokracie vet\u00ebm fasad\u00eb. N\u00eb mbi nj\u00eb dekad\u00eb, nj\u00eb qeverisje si kjo e tanishme ka hyr\u00eb n\u00eb histori p\u00ebr d\u00ebmet e shkaktuara ndaj kolonave m\u00eb t\u00eb r\u00ebnd\u00ebsishme t\u00eb [&hellip;]<\/p>\n","protected":false},"author":1,"featured_media":2310,"comment_status":"closed","ping_status":"closed","sticky":false,"template":"","format":"standard","meta":{"footnotes":""},"categories":[47],"tags":[],"class_list":["post-2309","post","type-post","status-publish","format-standard","has-post-thumbnail","hentry","category-editorial"],"_links":{"self":[{"href":"https:\/\/braingain.pd.al\/sq\/wp-json\/wp\/v2\/posts\/2309","targetHints":{"allow":["GET"]}}],"collection":[{"href":"https:\/\/braingain.pd.al\/sq\/wp-json\/wp\/v2\/posts"}],"about":[{"href":"https:\/\/braingain.pd.al\/sq\/wp-json\/wp\/v2\/types\/post"}],"author":[{"embeddable":true,"href":"https:\/\/braingain.pd.al\/sq\/wp-json\/wp\/v2\/users\/1"}],"replies":[{"embeddable":true,"href":"https:\/\/braingain.pd.al\/sq\/wp-json\/wp\/v2\/comments?post=2309"}],"version-history":[{"count":1,"href":"https:\/\/braingain.pd.al\/sq\/wp-json\/wp\/v2\/posts\/2309\/revisions"}],"predecessor-version":[{"id":2311,"href":"https:\/\/braingain.pd.al\/sq\/wp-json\/wp\/v2\/posts\/2309\/revisions\/2311"}],"wp:featuredmedia":[{"embeddable":true,"href":"https:\/\/braingain.pd.al\/sq\/wp-json\/wp\/v2\/media\/2310"}],"wp:attachment":[{"href":"https:\/\/braingain.pd.al\/sq\/wp-json\/wp\/v2\/media?parent=2309"}],"wp:term":[{"taxonomy":"category","embeddable":true,"href":"https:\/\/braingain.pd.al\/sq\/wp-json\/wp\/v2\/categories?post=2309"},{"taxonomy":"post_tag","embeddable":true,"href":"https:\/\/braingain.pd.al\/sq\/wp-json\/wp\/v2\/tags?post=2309"}],"curies":[{"name":"wp","href":"https:\/\/api.w.org\/{rel}","templated":true}]}}