{"id":46,"count":9,"description":"Analiz\u00eb propozuese n\u00eb tema t\u00eb aktualitetit socio-ekonomik, dhe Prezantimi e shtjellimi i disa prej propozimeve kryesore t\u00eb Departamentit Brain Gain p\u00ebr hartimin e Programit elektoral 2025 t\u00eb Partis\u00eb Demokratike.","link":"https:\/\/braingain.pd.al\/sq\/category\/vera-e-ideve-2\/","name":"Vera e Ideve 2","slug":"vera-e-ideve-2","taxonomy":"category","parent":0,"meta":[],"_links":{"self":[{"href":"https:\/\/braingain.pd.al\/sq\/wp-json\/wp\/v2\/categories\/46","targetHints":{"allow":["GET"]}}],"collection":[{"href":"https:\/\/braingain.pd.al\/sq\/wp-json\/wp\/v2\/categories"}],"about":[{"href":"https:\/\/braingain.pd.al\/sq\/wp-json\/wp\/v2\/taxonomies\/category"}],"wp:post_type":[{"href":"https:\/\/braingain.pd.al\/sq\/wp-json\/wp\/v2\/posts?categories=46"}],"curies":[{"name":"wp","href":"https:\/\/api.w.org\/{rel}","templated":true}]}}