{"id":4011,"date":"2025-02-17T08:33:02","date_gmt":"2025-02-17T08:33:02","guid":{"rendered":"https:\/\/braingain.pd.al\/?p=4011"},"modified":"2025-02-21T13:27:18","modified_gmt":"2025-02-21T13:27:18","slug":"lacivita-nga-maga-amerikane-ne-mag-shqiptare","status":"publish","type":"post","link":"https:\/\/braingain.pd.al\/en\/lacivita-nga-maga-amerikane-ne-mag-shqiptare\/","title":{"rendered":"LaCivita, nga MAGA amerikane n\u00eb MAG shqiptare"},"content":{"rendered":"<p><em><strong>Nga Amarildo Veizi<\/strong><\/em><\/p>\n<p>Chris LaCivita, kryefjala e fushat\u00ebs s\u00eb Partis\u00eb Demokratike, pjes\u00eb e heptagonit elektoral t\u00eb MAGA (Make America Great Again), disa muaj pas suksesit n\u00eb fushat\u00ebn e Partis\u00eb Republikane, vendos t\u00eb marr\u00eb nj\u00eb p\u00ebrgjegj\u00ebsi m\u00eb t\u00eb madhe n\u00eb nj\u00eb shtet m\u00eb t\u00eb vog\u00ebl.<\/p>\n<p>\u00cbsht\u00eb pak e v\u00ebshtir\u00eb t\u00eb mos p\u00ebrfshihesh n\u00eb euforin e fitores kur shikon sesi suksesi i fushat\u00ebs s\u00eb Trump-it ktheu shtet-bastione t\u00eb konsideruara demokrate n\u00eb SHBA, pjes\u00eb t\u00eb tyre n\u00eb nj\u00eb vot\u00ebbesim gjat\u00eb n\u00eb nj\u00eb rrug\u00ebtimi 4-vje\u00e7ar mes sondazheve, \u00e7\u00ebshtjeve gjyq\u00ebsore e madje edhe atentateve. Tashm\u00eb Chris LaCivita ndodhet n\u00eb Shqip\u00ebri, mes demokrat\u00ebsh t\u00eb cil\u00ebt i kan\u00eb pasur syt\u00eb nga Amerika, aleatja e n\u00ebnshkrimeve dhe arritjeve m\u00eb t\u00eb m\u00ebdha nd\u00ebrkomb\u00ebtare.<\/p>\n<p>Por le t\u00eb q\u00ebndrojm\u00eb me k\u00ebmb\u00eb n\u00eb tok\u00eb, duke hequr &#8220;perd\u00ebn amerikane&#8221; p\u00ebr t\u00eb ripar\u00eb koh\u00ebn elektorale, e cila q\u00ebndron e zymt\u00eb n\u00eb Shqip\u00ebri prej 12 vitesh.<\/p>\n<p>Institucionet e qeverisjes vendore dhe lokale instaluan n\u00eb Shqip\u00ebri nj\u00eb sistem bllokues, q\u00eb nuk la shteg tjet\u00ebr ve\u00e7se rikthimin n\u00eb krye t\u00eb PD-s\u00eb t\u00eb z. Berisha, i cili, prej mandatit t\u00eb fundit t\u00eb PS-s\u00eb, \u00ebsht\u00eb p\u00ebrballur me nj\u00eb luft\u00eb mediatike &#8220;dh\u00ebmb p\u00ebr dh\u00ebmb&#8221; \u2013 nga shpallje t\u00eb pafaktuara &#8220;non-grata&#8221;, masa arresti antikushtetuese, n\u00eb vazhdimin e Foltores, n\u00eb rimarrjen e vul\u00ebs s\u00eb PD-s\u00eb p\u00ebr ta rikthyer at\u00eb tek demokrat\u00ebt, sot e rendisin n\u00eb pozit\u00ebn e liderit t\u00eb pador\u00ebzuar. PD-ja sot nuk rivitalizon vet\u00ebm rezistenc\u00ebn e saj, por edhe nj\u00eb shpresarsye n\u00eb selin\u00eb blu, e cila po p\u00ebrhapet mes shqiptar\u00ebve n\u00eb \u00e7do form\u00eb, deri n\u00eb mosbindje civile.<\/p>\n<p>Shqip\u00ebria ka par\u00eb shum\u00eb gjat\u00eb k\u00ebtyre 12 viteve qeverisje, por ka d\u00ebgjuar edhe: &#8220;S\u2019keni par\u00eb asgj\u00eb akoma.&#8221;<\/p>\n<p>Fatkeqsisht kishte t\u00eb drejt, pasi do t\u00eb vazhdojn\u00eb burgosjet p\u00ebr debitor\u00ebt e energjis\u00eb elektrike, mungesa e ila\u00e7eve, nj\u00eb sistem gjyq\u00ebsor deri diku i nj\u00ebansh\u00ebm, tagra dhe tituj t\u00eb dh\u00ebn\u00eb me nj\u00eb dalje televizive, nd\u00ebrkoh\u00eb q\u00eb riciklimi i figurave politike \u00ebsht\u00eb b\u00ebr\u00eb di\u00e7ka normale. Ata q\u00eb &#8220;mor\u00ebn votat&#8221; n\u00ebp\u00ebr fushata, do t\u2019ua l\u00ebn\u00eb vendet e ministrave apo drejtuesve t\u00eb tjer\u00eb, me poste disa her\u00eb t\u00eb z\u00ebvend\u00ebsuara sipas direktivave partiake.<\/p>\n<p>Kur nuk ekziston nj\u00eb arsye p\u00ebr t\u00eb q\u00ebndruar, ekziston nj\u00eb arsye p\u00ebr t\u00eb ikur, dhe k\u00ebt\u00eb e d\u00ebshmojn\u00eb t\u00eb pakt\u00ebn 700 mij\u00eb shqiptar\u00eb t\u00eb larguar \u2013 si t\u00eb ishte bilanci i nj\u00eb eksodi nga nj\u00eb luft\u00eb ballkanike.<\/p>\n<p>Paralelisht, k\u00ebto ndodhi do t\u00eb shoq\u00ebrohen nga &#8220;propaganda&#8221;, nj\u00eb makineri e padukshme por shum\u00eb e fuqishme elektorale, e cila do t\u00eb mbaj\u00eb gjall\u00eb fjal\u00ebt lavd\u00ebruese p\u00ebr t\u00eb kuror\u00ebzuar shtetin si nj\u00eb &#8220;perl\u00eb e re turistike me 10 milion\u00eb turist\u00eb&#8221;, n\u00ebn moton &#8220;Vet\u00ebm p\u00ebrpara.&#8221; Media t\u00eb ndryshme, sistematikisht, kan\u00eb k\u00ebrkuar t\u00eb censurojn\u00eb fjal\u00ebn e opozit\u00ebs, ta kritikojn\u00eb p\u00ebr format protestuese duke e etiketuar si t\u00eb dhunshme edhe pse PD ka marr\u00eb rolin e sindikatave t\u00eb munguara, denoncueses s\u00eb aferave m\u00eb korruptive n\u00eb politiken shqiptare duke k\u00ebrkuar balancimin e pushteteve p\u00ebr t\u00eb sjell r\u00ebnien e nj\u00eb sistemi autokrat.<\/p>\n<p>Me gjith\u00eb d\u00ebshir\u00ebn p\u00ebr t\u00eb p\u00ebrmendur v\u00ebshtir\u00ebsit\u00eb e kaluara, nuk dua q\u00eb ky artikull t\u00eb largoj\u00eb v\u00ebmendjen nga ajo frym\u00eb q\u00eb solli PD-ja, dhe q\u00eb shqiptar\u00ebt do t\u00eb psher\u00ebtijn\u00eb m\u00eb t\u00eb lirsh\u00ebm pas 12 majit.<\/p>\n<p>Pyetja e shtruar nga pal\u00ebt kund\u00ebrshtare: &#8220;Sa u pagua LaCivita p\u00ebr k\u00ebt\u00eb rol?&#8221; mendoj se gjen p\u00ebrgjigje tek arsyeja pse ai do t\u00eb pranonte nj\u00eb rol t\u00eb till\u00eb.<\/p>\n<p>Ata q\u00eb deri dje i konsideronin amerikan\u00ebt si t\u00eb pakorruptuesh\u00ebm, edhe pse kishin p\u00ebrball\u00eb fakte me fatura mij\u00ebra dollar\u00ebshe t\u00eb ekzekutuara n\u00eb burgim p\u00ebr t\u00eb p\u00ebrfshir\u00ebt (McGonigal), sot besojn\u00eb se kompromisi q\u00ebndron n\u00eb valixhet e dh\u00ebna.<\/p>\n<p>Ndoshta duhej drejtuar pyetja: &#8220;Pse ai zgjodhi nj\u00eb ish-kryeminist\u00ebr non-grata p\u00ebrball\u00eb t\u00eb preferuarit europian, aktualisht n\u00eb detyr\u00eb? Apo kjo sepse nuk do t\u00eb mund t\u00eb k\u00ebrkonte nj\u00eb ndihmes t\u00eb till\u00eb, kukulla e George Soros n\u00eb Shqip\u00ebri?&#8221;<\/p>\n<p>Pse nuk u p\u00ebrmend fjala &#8220;non-grata&#8221; gjat\u00eb dekorimit t\u00eb LaCivita-s si turist nga kryeministri aktual?<\/p>\n<p>N\u00eb pritje t\u00eb t\u00eb rejave q\u00eb do ket\u00eb statusi &#8220;non-grata&#8221; p\u00ebr z. Berisha \u2013 i cili bie n\u00eb kontradikt\u00eb me bashk\u00ebpunimin e ngusht\u00eb me nj\u00ebrin prej njer\u00ebzve m\u00eb t\u00eb af\u00ebrt t\u00eb administrat\u00ebs Trump \u2013 jemi n\u00eb prag t\u00eb nj\u00eb fushate elektorale n\u00eb Shqip\u00ebri, fill pas nj\u00eb fushate t\u00eb suksesshme n\u00eb Amerik\u00eb.<\/p>\n<p>Kur gjat\u00eb k\u00ebtyre viteve kryeministri aktual nuk ka b\u00ebr\u00eb asnj\u00eb koment mbi l\u00ebvizjet politike t\u00eb Partis\u00eb Demokratike, pse duhej t\u00eb zhvler\u00ebsohej kjo l\u00ebvizje e pal\u00ebs kund\u00ebrshtare dhe t\u00eb mos komentohej akuza e drejtp\u00ebrdrejt\u00eb si &#8220;kukull e George Soros&#8221;, apo refuzimi i t\u00eb qenit nj\u00eb &#8220;mik i SHBA-s\u00eb&#8221;, kur n\u00eb an\u00ebn tjet\u00ebr fonde, organizata dhe institucione po njohin mbyllje dhe nd\u00ebrprerje n\u00eb koh\u00eb rekord (USAID brenda nat\u00ebs), edhe pse me qindra punonj\u00ebs anemban\u00eb bot\u00ebs?<\/p>\n<p>Jan\u00eb marr\u00eb masa t\u00eb menj\u00ebhershme p\u00ebr t\u00eb frenuar ndikimin sorosian, i cili tashm\u00eb ka shkaktuar d\u00ebme t\u00eb m\u00ebdha n\u00eb Shqip\u00ebri.<\/p>\n<p>Serioziteti i administrat\u00ebs Trump p\u00ebr ta luftuar k\u00ebt\u00eb ndikim \u00ebsht\u00eb i duksh\u00ebm, por edhe m\u00eb i duksh\u00ebm \u00ebsht\u00eb angazhimi i Partis\u00eb Demokratike p\u00ebr k\u00ebt\u00eb kauz\u00eb.<\/p>\n<p>A ka nj\u00eb filt\u00ebr politik p\u00ebr bashk\u00ebpun\u00ebtor\u00ebt q\u00eb administrate Tump ka n\u00eb vetvete?<\/p>\n<p>P\u00ebrgjigja \u00ebsht\u00eb PO, ka nj\u00eb filt\u00ebr, dhe ata zgjodh\u00ebn t\u00eb mb\u00ebshtesin PD-n\u00eb, z. Berisha, demokrat\u00ebt, shqiptar\u00ebt dhe duan t\u00eb ndihmojn\u00eb Shqip\u00ebrin\u00eb (t\u00eb vetmin kryeminist\u00ebr q\u00eb ka sjell\u00eb n\u00eb nj\u00eb ftes\u00eb zyrtare nj\u00eb president t\u00eb SHBA-ve).<\/p>\n<p>Pritshm\u00ebrit\u00eb tona q\u00ebndrojn\u00eb, por diapazoni i ndryshimit varet nga ne. P\u00ebrpos ndihm\u00ebs dhe mb\u00ebshtetjes amerikane n\u00eb k\u00ebt\u00eb koh\u00eb t\u00eb v\u00ebshtir\u00eb, ata q\u00eb arrit\u00ebn t\u00eb nxisin MAGA (Make America Great Again) do t\u00eb ndihmojn\u00eb t\u00eb nisim nj\u00eb MAG (Make Albania Great).<\/p>\n<p>Por t\u00eb ndihmosh, nuk t\u00eb b\u00ebn p\u00ebrgjegj\u00ebs t\u00eb plot\u00eb. Duke b\u00ebr\u00eb nj\u00eb hap para amerikan\u00ebve, p\u00ebr tu vendosur n\u00eb luft\u00ebn elektorale, p\u00ebrgjegj\u00ebsia e plot\u00eb bie mbi ne.<\/p>\n<p><strong>Po kush jemi ne?<\/strong><\/p>\n<p>T\u00eb dashur bashkatdhetar\u00eb, ne jemi ata q\u00eb soll\u00ebm fjal\u00ebn e lir\u00eb, ata q\u00eb themeluam institucionet demokratike, q\u00eb soll\u00ebm p\u00ebr her\u00eb t\u00eb par\u00eb ambasadat per\u00ebndimore n\u00eb vend, q\u00eb investuam p\u00ebr arsimin si &#8220;N\u00ebna e Dijes&#8221;. Ne jemi ata q\u00eb e afruam Shqip\u00ebrin\u00eb me Europ\u00ebn, b\u00ebm\u00eb kufijt\u00eb e tejduksh\u00ebm duke u b\u00ebr\u00eb pjes e zon\u00ebs Shengen, ngrit\u00ebm flamurin e NATO-s krahas flamurit ton\u00eb dhe treguam se Shqip\u00ebria po b\u00ebhet.<\/p>\n<p>Ne jemi ata q\u00eb fjal\u00ebn &#8220;demokraci&#8221; nuk e vendos\u00ebm p\u00ebr t\u00eb em\u00ebruar nj\u00eb forc\u00eb politike, por sepse at\u00eb soll\u00ebm, at\u00eb do ta sjellim s\u00ebrish \u2013 t\u00eb gjith\u00eb bashk\u00eb.<\/p>\n<p>Liri, demokraci. Le t\u00eb osh\u00ebtij\u00eb ideali yn\u00eb m\u00eb 11 maj.<\/p>\n<p>Nuk jemi n\u00eb kushtet p\u00ebr t\u00eb premtuar se kur, por jemi n\u00eb kushtet p\u00ebr t\u00eb premtuar se po, ne po vazhdojm\u00eb at\u00eb q\u00eb kemi nisur.<\/p>\n<p>MAG (Make Albania Great), si nj\u00eb premtim nga Partia Demokratike.<\/p>","protected":false},"excerpt":{"rendered":"<p>Nga Amarildo Veizi Chris LaCivita, kryefjala e fushat\u00ebs s\u00eb Partis\u00eb Demokratike, pjes\u00eb e heptagonit elektoral t\u00eb MAGA (Make America Great Again), disa muaj pas suksesit n\u00eb fushat\u00ebn e Partis\u00eb Republikane, vendos t\u00eb marr\u00eb nj\u00eb p\u00ebrgjegj\u00ebsi m\u00eb t\u00eb madhe n\u00eb nj\u00eb shtet m\u00eb t\u00eb vog\u00ebl. \u00cbsht\u00eb pak e v\u00ebshtir\u00eb t\u00eb mos p\u00ebrfshihesh n\u00eb euforin e fitores [&hellip;]<\/p>","protected":false},"author":1,"featured_media":4012,"comment_status":"closed","ping_status":"closed","sticky":false,"template":"","format":"standard","meta":{"footnotes":""},"categories":[26],"tags":[],"class_list":["post-4011","post","type-post","status-publish","format-standard","has-post-thumbnail","hentry","category-politike"],"_links":{"self":[{"href":"https:\/\/braingain.pd.al\/en\/wp-json\/wp\/v2\/posts\/4011","targetHints":{"allow":["GET"]}}],"collection":[{"href":"https:\/\/braingain.pd.al\/en\/wp-json\/wp\/v2\/posts"}],"about":[{"href":"https:\/\/braingain.pd.al\/en\/wp-json\/wp\/v2\/types\/post"}],"author":[{"embeddable":true,"href":"https:\/\/braingain.pd.al\/en\/wp-json\/wp\/v2\/users\/1"}],"replies":[{"embeddable":true,"href":"https:\/\/braingain.pd.al\/en\/wp-json\/wp\/v2\/comments?post=4011"}],"version-history":[{"count":0,"href":"https:\/\/braingain.pd.al\/en\/wp-json\/wp\/v2\/posts\/4011\/revisions"}],"wp:featuredmedia":[{"embeddable":true,"href":"https:\/\/braingain.pd.al\/en\/wp-json\/wp\/v2\/media\/4012"}],"wp:attachment":[{"href":"https:\/\/braingain.pd.al\/en\/wp-json\/wp\/v2\/media?parent=4011"}],"wp:term":[{"taxonomy":"category","embeddable":true,"href":"https:\/\/braingain.pd.al\/en\/wp-json\/wp\/v2\/categories?post=4011"},{"taxonomy":"post_tag","embeddable":true,"href":"https:\/\/braingain.pd.al\/en\/wp-json\/wp\/v2\/tags?post=4011"}],"curies":[{"name":"wp","href":"https:\/\/api.w.org\/{rel}","templated":true}]}}