{"id":3972,"date":"2024-12-23T12:31:27","date_gmt":"2024-12-23T12:31:27","guid":{"rendered":"https:\/\/braingain.pd.al\/?p=3972"},"modified":"2025-02-15T12:44:31","modified_gmt":"2025-02-15T12:44:31","slug":"ku-jane-keta-te-brain-gain","status":"publish","type":"post","link":"https:\/\/braingain.pd.al\/en\/ku-jane-keta-te-brain-gain\/","title":{"rendered":"Ku jan\u00eb k\u00ebta t\u00eb Brain Gain?"},"content":{"rendered":"<p><em><strong>Nga Andi Mustafaj dhe Pranvera Shehaj\u00a0<\/strong><\/em><\/p>\n<p>\u201cKu jan\u00eb k\u00ebta t\u00eb Brain Gain, nuk i shohim n\u00eb ekrane e as n\u00eb rrjete sociale?\u201d \u2013 kjo ishte n\u00eb thelb pyetja q\u00eb iu b\u00eb n\u00eb nj\u00eb prej emisioneve m\u00eb t\u00eb ndjekura t\u00eb televizionit Kryetarit t\u00eb Partis\u00eb Demokratike teksa ky i fundit po fliste p\u00ebr risit\u00eb e ndryshme q\u00eb kishte Partia q\u00eb prej Rithemelimit.<br \/>\nKjo pyetje, n\u00eb kulmin e shikueshm\u00ebris\u00eb si intervist\u00eb e tij pas daljes nga arresti politik, jehoi tek ne si an\u00ebtar\u00eb t\u00eb Departamentit Brain Gain m\u00eb shum\u00eb nga \u00e7\u2019mund t\u00eb ket\u00eb jehuar n\u00eb veshin e kujtdo tjet\u00ebr.<\/p>\n<p>Thirrje dashamir\u00ebse p\u00ebr t\u00eb na ftuar \u201cn\u00eb loj\u00ebn e v\u00ebmendjes\u201d apo thirrje e sinqert\u00eb sepse v\u00ebrtet nuk na kishin par\u00eb diku, \u00e7far\u00ebdo t\u00eb ishte, pyetja p\u00ebrplasi mes nesh emocionin me arsyen. T\u00eb b\u00ebrtisnim n\u00eb revolt\u00ebn e nevoj\u00ebs p\u00ebr t\u2019u d\u00ebgjuar se ne ishim aty, apo t\u00eb shihnim p\u00ebrtej duke ndar\u00eb me gazetarin e k\u00ebdo q\u00eb \u00ebsht\u00eb p\u00ebrplasur me emrin e departamentit qoft\u00eb edhe nj\u00ebher\u00eb, teorin\u00eb ton\u00eb t\u00eb pun\u00ebs?<\/p>\n<div id=\"rekl-13\">\n<div id=\"__sap-ad-15\" class=\"__sap-ads __sap-html inline tracked\" data-title=\"Credins desktop Brenda lajmit 08\"><ins><\/p>\n<div id=\"beacon_0aba048407\"><img decoding=\"async\" src=\"https:\/\/ads1.medium.al\/www\/delivery\/lg.php?bannerid=0&amp;campaignid=0&amp;zoneid=232&amp;loc=https%3A%2F%2Fwww.syri.net%2Fpolitike%2F749348%2Fku-jane-keta-te-brain-gain%2F&amp;referer=https%3A%2F%2Fwww.syri.net%2Fpolitike%2F749348%2Fku-jane-keta-te-brain-gain%2F%3F__cf_chl_tk%3DQ1sZVS0gQs034n3ciCWH3l3ICqEguPYTHUW_a9HPNvY-1739621634-1.0.1.1-SNn7iihc1pqwKMTxTW58dnEFTvPpzCnLVTwk3ZzfmYo&amp;cb=0aba048407\" alt=\"\" width=\"0\" height=\"0\" \/><\/div>\n<p><\/ins><\/div>\n<\/div>\n<div id=\"rekl-4\"><\/div>\n<div id=\"rekl-62\"><\/div>\n<div id=\"rekl-56\"><\/div>\n<p>P\u00ebr pragmatist\u00ebt, kjo e dyta nuk do ishte l\u00ebvizja m\u00eb e zgjuar, p\u00ebr oportunist\u00ebt aq m\u00eb pak, p\u00ebr ne q\u00eb prej dy vitesh tashm\u00eb kemi zgjedhur t\u00eb shohim p\u00ebrtej vetes, ndarja me cilindo e gjykimit dhe perceptimit ton\u00eb p\u00ebr kontributin q\u00eb nj\u00eb p\u00ebrfaq\u00ebsues politik\/i ri duhet t\u00eb ket\u00eb n\u00eb partin\u00eb ku aderon, \u00ebsht\u00eb e duhura.<br \/>\nAjo pyetje, fal\u00eb forc\u00ebs amplifikuese q\u00eb ka drita e kamer\u00ebs, hodhi dyshim mbi pranin\u00eb dhe ekzistenc\u00ebn e t\u00eb rinjve t\u00eb Brain Gain n\u00eb PD e politik\u00eb, \u00e7ka do t\u00eb thot\u00eb se peshoi p\u00ebrtej ekranit mbi p\u00ebrpjekjet tona t\u00eb deritanishme. Megjithat\u00eb, po aq p\u00ebrforcoi ajo tek ne bindjen se ka nevoj\u00eb p\u00ebr kthjellim mbi vendin, rolin dhe kontributin e p\u00ebrfaq\u00ebsuesit politik n\u00eb sistemin shqiptar.<\/p>\n<div id=\"rekl-42\"><\/div>\n<div id=\"rekl-57\"><\/div>\n<p><strong>P\u00ebrplasja e dy skemave t\u00eb kund\u00ebrta mbi rolin dhe vendin e p\u00ebrfaq\u00ebsuesit politik.<\/strong><\/p>\n<p>\u2981 Ku q\u00ebndron p\u00ebrfaq\u00ebsuesi politik sipas pyetjes s\u00eb gazetarit?<\/p>\n<p><img decoding=\"async\" src=\"https:\/\/www.syri.net\/uploads\/syri.net\/images\/2024\/December\/23\/auto_Screenshot_251734963930.jpg\" alt=\"Image\" \/><br \/>\nDalja n\u00eb media si kriter vler\u00ebsimi p\u00ebr ekzistenc\u00ebn dhe valenc\u00ebn politike, e shtyn p\u00ebrfaq\u00ebsuesin politik\/t\u00eb riun drejt nj\u00eb roli dhe pozicioni t\u00eb paracaktuar n\u00eb d\u00ebshtim. Duke mos patur nj\u00eb lidhje qoft\u00eb korrelative, e aq m\u00eb pak shkak-pasoj\u00eb mes shfaqjes n\u00eb televizion a rrjete sociale dhe strukturave politike, nj\u00eb kriter i till\u00eb e b\u00ebn p\u00ebrfaq\u00ebsuesin politik\/t\u00eb riun viktim\u00eb t\u00eb nj\u00eb iluzioni konjitiv.<\/p>\n<p>Ky iluzion konjitiv i tij, i cili i shk\u00ebputur nga realiteti n\u00eb strukturat politike, investohet vet\u00ebm n\u00eb dritat e kamer\u00ebs duke krijuar me veten perceptimin e p\u00ebrfaq\u00ebsimit real politik, tej\u00e7ohet n\u00eb publik dhe krijon perceptimin e rrem\u00eb t\u00eb intensitetit t\u00eb angazhimit edhe aty.<br \/>\nP\u00ebrfaq\u00ebsuesi politik\/i riu z\u00ebn\u00eb n\u00eb grack\u00ebn e k\u00ebtij kriteri, beson se ka me vete mjetin e q\u00ebllimit politik, vot\u00ebn, duke e ngulitur k\u00ebt\u00eb fllusk\u00eb iluzioni edhe tek publiku konsumator mediatik, nd\u00ebrsa mbetet krejt i shk\u00ebputur nga ata q\u00eb p\u00ebrfaq\u00ebsuesi\/i riu beson se p\u00ebrfaq\u00ebson.<\/p>\n<p>Mbetur n\u00eb k\u00ebt\u00eb qasje, n\u00ebse dakord\u00ebsojm\u00eb se prioritet i r\u00ebnd\u00ebsish\u00ebm i ekzistenc\u00ebs dhe pesh\u00ebs politike \u00ebsht\u00eb media, at\u00ebher\u00eb pranojm\u00eb se rrjedhimisht prioritet i r\u00ebnd\u00ebsish\u00ebm i p\u00ebrfaq\u00ebsuesit politik \u00ebsht\u00eb t\u2018i flas\u00eb (kundrejt veprimit deri n\u00eb nj\u00eb far\u00eb pike) audienc\u00ebs s\u00eb medias t\u00eb caktuar, me gjasa, elektorat gri. Kjo devijon q\u00ebllimin e aktivitetit politik drejt nj\u00eb beteje p\u00ebr arritjen e shikueshm\u00ebris\u00eb m\u00eb t\u00eb madhe, \u00e7ka p\u00ebrmes talentit oratorik apo paraqitjes s\u00eb shkath\u00ebt n\u00eb komunikimin publik mediatik, mendohet se \u00e7on n\u00eb p\u00ebrftimin e mb\u00ebshtetjes nga audienca specifike p\u00ebr struktur\u00ebn politike brenda s\u00eb cil\u00ebs p\u00ebrfaq\u00ebsuesi\/i riu \u00ebsht\u00eb i angazhuar.<\/p>\n<p>Duke e vendosur n\u00eb k\u00ebt\u00eb pik\u00eb t\u00eb segmentit\/vektorit, p\u00ebrfaq\u00ebsuesi\/i riu gjendet p\u00ebrball\u00eb popullit, nd\u00ebrsa pas shpatullave l\u00eb vet\u00eb Partin\u00eb q\u00eb p\u00ebrfaq\u00ebson, t\u00eb p\u00ebrb\u00ebr\u00eb n\u00eb numrin m\u00eb t\u00eb madh t\u00eb saj nga an\u00ebtar\u00ebt, midis t\u00eb cil\u00ebve militant\u00ebt, t\u00eb cil\u00ebt jan\u00eb motor\u00ebt e veprimtaris\u00eb s\u00eb nj\u00eb strukture politike. Militanti, i vendosur n\u00eb k\u00ebt\u00eb segment si iniciues dhe ushqyesi i par\u00eb i dinamik\u00ebs politike, punon n\u00eb drejtim t\u00eb Partis\u00eb, nd\u00ebrsa kjo e fundit shkarkon k\u00ebt\u00eb kapital politik t\u00eb akumuluar nga baza tek p\u00ebrfaq\u00ebsuesi politik, duke pritur prej tij masivizimin e k\u00ebtij kapitali dhe energjie n\u00eb popull.<\/p>\n<p>Prej t\u00eb till\u00eb pritshm\u00ebrie nis nj\u00eb efekt katen\u00eb thyerjesh, t\u00eb cilat \u00e7ojn\u00eb n\u00eb d\u00ebshtim t\u00eb rolit t\u00eb p\u00ebrfaq\u00ebsuesit politik p\u00ebr disa arsye. S\u00eb pari, p\u00ebr koherenc\u00eb logjike, nuk duhet harruar drejt kujt \u00ebsht\u00eb fokusuar beteja e p\u00ebrfaq\u00ebsuesit\/t\u00eb riut n\u00eb daljen e tij mediatike, ndaj prej k\u00ebtu nis thyerja e par\u00eb: ajo mes pritshm\u00ebris\u00eb q\u00eb kan\u00eb aktor\u00ebt pas shpatullave t\u00eb tij, militant\u00ebt dhe Partia, dhe asaj q\u00eb ai ka p\u00ebr fokus dhe objektiv, audienc\u00ebn specifike, elektoratin gri.<\/p>\n<p>S\u00eb dyti, energjia dhe dinamika e krijuar nga militanti dhe Partia humbet teksa derdhet tek p\u00ebrfaq\u00ebsuesi. Humbja i dedikohet hendekut n\u00eb num\u00ebr mes militant\u00ebve, Partis\u00eb dhe masivitetit t\u00eb dinamik\u00ebs nga nj\u00ebra an\u00eb, dhe numrit t\u00eb vog\u00ebl t\u00eb p\u00ebrfaq\u00ebsuesve n\u00eb media nga ana tjet\u00ebr. Kjo \u00e7on n\u00eb thyerjen e tret\u00eb, ku militant\u00ebt dhe an\u00ebtar\u00ebt nuk ndihen as t\u00eb vler\u00ebsuar as t\u00eb r\u00ebnd\u00ebsish\u00ebm p\u00ebr kauz\u00ebn apo parimet n\u00eb t\u00eb cilat besojn\u00eb. P\u00ebrkundrazi, ndihen t\u00eb vendosur pa vullnet n\u00eb sh\u00ebrbim t\u00eb disa individ\u00ebve, pa kuptuar zinxhirin e delegimit dhe q\u00ebllimin n\u00ebn dritat mediatike t\u00eb p\u00ebrfaq\u00ebsuesit.<\/p>\n<p>S\u00eb fundmi, ka nj\u00eb tjet\u00ebr aktor t\u00eb r\u00ebnd\u00ebsish\u00ebm q\u00eb preket nga efekti katen\u00eb i iluzionit konjitiv. Kryetari i Partis\u00eb, i gjendur p\u00ebrball\u00eb trysnis\u00eb p\u00ebr t\u00eb p\u00ebrmbushur p\u00eblqyeshm\u00ebrin\u00eb e pretenduar t\u00eb publikut, orienton vendimmarrjen e tij duke deleguar m\u00eb shum\u00eb p\u00ebrgjegj\u00ebsi tek ky p\u00ebrfaq\u00ebsues\/i ri, \u00e7ka thellon thyerjen dhe hendekun me militant\u00ebt dhe an\u00ebtar\u00ebsin\u00eb. M\u00eb shum\u00eb i jepet valenc\u00eb k\u00ebtij pozicionimi t\u00eb p\u00ebrfaq\u00ebsuesit\/t\u00eb riut n\u00eb angazhimin dhe dinamik\u00ebn politike, m\u00eb shum\u00eb zhvendoset fokusi drejt nj\u00eb pjese t\u00eb elektoratit, si\u00e7 \u00ebsht\u00eb ai gri, i cili ndon\u00ebse thelb\u00ebsor p\u00ebr \u00e7\u00ebshtje t\u00eb caktuara t\u00eb jet\u00ebs n\u00eb vend, ashtu sikurse n\u00eb betej\u00ebn elektorale, nuk ka angazhim konkret n\u00eb jet\u00ebn e p\u00ebrditshme politike t\u00eb vendit. Kthimi i rrjeteve sociale dhe medias nga mjet p\u00ebr t\u00eb arritur edhe tek ky elektorat si pjes\u00eb e nj\u00eb strategjie t\u00eb p\u00ebrgjithshme, n\u00eb q\u00ebllim q\u00eb z\u00ebvend\u00ebson lidhjen me militant\u00ebt, an\u00ebtar\u00ebsin\u00eb dhe pritshm\u00ebrin\u00eb e tyre nga p\u00ebrfaq\u00ebsuesi\/i riu, i jep goditje me kosto elektorale gjith\u00eb dinamik\u00ebs politike t\u00eb vet\u00eb Partis\u00eb.<\/p>\n<p>Do t\u00eb ishte e pasinqert\u00eb t\u00eb p\u00ebrmbyllej shpjegimi i k\u00ebsaj skeme t\u00eb par\u00eb t\u00eb pozicionimit dhe rolit t\u00eb p\u00ebrfaq\u00ebsuesit politik, pa njohur gjithsesi nevoj\u00ebn p\u00ebr mbulim mediatik q\u00eb koha ia imponon p\u00ebrfaq\u00ebsuesve\/t\u00eb rinjve. T\u00eb vet\u00ebdijsh\u00ebm p\u00ebr t\u00eb till\u00eb r\u00ebnd\u00ebsi t\u00eb medias, Departamenti Brain Gain \u00ebsht\u00eb munduar q\u00eb brenda skem\u00ebs s\u00eb tij t\u00eb angazhimit politik, t\u00eb p\u00ebrdor\u00eb median dhe rrjetet sociale si mjet p\u00ebr shp\u00ebrfaqjen tek masa e gjer\u00eb e pun\u00ebs son\u00eb n\u00eb struktur\u00eb. Megjithat\u00eb, sikund\u00ebr do t\u00eb duhej t\u00eb njihej nga vet\u00eb media, terreni q\u00eb p\u00ebrgatit autokracia si sistem politik, edhe ky mbulim i yni \u00ebsht\u00eb kusht\u00ebzuar si nga mungesa e nj\u00eb ushtrie patronazhist\u00ebsh, si nga mungesa e fondeve, ashtu edhe nga censura e koordinuar ndaj PD. Edhe pse asnj\u00eb nga t\u00eb m\u00ebsip\u00ebrmet nuk ka penguar q\u00ebllimin ton\u00eb, s\u00ebrish, duhet th\u00ebn\u00eb se \u00ebsht\u00eb e padrejt\u00eb t\u00eb krahasosh t\u00eb pakrahasueshmet.<\/p>\n<p><strong>\u2981 Ku duhet t\u00eb q\u00ebndroj\u00eb p\u00ebrfaq\u00ebsuesi politik sipas veprimtaris\u00eb s\u00eb Departamentit Brain Gain?<\/strong><\/p>\n<p><img decoding=\"async\" src=\"https:\/\/www.syri.net\/uploads\/syri.net\/images\/2024\/December\/23\/auto_Screenshot_261734964866.jpg\" alt=\"Image\" \/><\/p>\n<p>Nuk do t\u00eb themi dot asnj\u00ebher\u00eb mjaftuesh\u00ebm se politika b\u00ebhet n\u00eb radh\u00eb t\u00eb par\u00eb brenda nj\u00eb strukture politike p\u00ebrfaq\u00ebsuese. Duket si nj\u00eb pohim i thjesht\u00eb, por n\u00eb fakt tej mase i keqkuptuar. M\u00ebnyr\u00eb e par\u00eb p\u00ebr t\u00eb ekzistuar politikisht duhet t\u00eb jet\u00eb veprimi brenda struktur\u00ebs s\u00eb Partis\u00eb, qoft\u00eb n\u00eb organet e zgjedhura (n\u00eb nivel lokal apo komb\u00ebtar), n\u00eb pjes\u00ebt administrative t\u00eb saj (Departamentet dhe Sekretariatet), n\u00eb organizatat partnere (LDG dhe FRPD p\u00ebr PD) apo n\u00eb trupat e nd\u00ebrmjet\u00ebm (si Fondacionet, OJF etj.). Duke zgjedhur llojin e angazhimit politik, p\u00ebrfaq\u00ebsues\/i riu nd\u00ebrton profilin e vet, i cili p\u00ebrshtatur me aft\u00ebsit\u00eb e tij n\u00eb politik\u00eb, pasuron larmin\u00eb e burimeve njer\u00ebzore q\u00eb struktura disponon p\u00ebr ushtrimin e veprimtaris\u00eb s\u00eb saj politike.<\/p>\n<p>P\u00ebrfaq\u00ebsuesi, kuptuar k\u00ebtu si personi q\u00eb k\u00ebrkon t\u00eb marr\u00eb p\u00ebrgjegj\u00ebsi gjithmon\u00eb e m\u00eb t\u00eb m\u00ebdha, pozicionohet n\u00eb fillim t\u00eb ingranazhit t\u00eb dinamik\u00ebs politike duke pasur p\u00ebrball\u00eb sipas radh\u00ebs dhe madh\u00ebsis\u00eb s\u00eb n\u00ebngrupimit: militant\u00ebt, partin\u00eb (gjith\u00eb an\u00ebtar\u00ebt) dhe n\u00eb fund popullin. Ky pozicionim ndryshon thell\u00ebsisht mend\u00ebsin\u00eb e t\u00eb vepruarit, qasjen dhe rolin e p\u00ebrfaq\u00ebsuesit n\u00eb dinamik\u00ebn politike t\u00eb Partis\u00eb s\u00eb tij.<br \/>\nInterlokutori i par\u00eb p\u00ebr p\u00ebrfaq\u00ebsuesin politik b\u00ebhet militanti, nd\u00ebrveprimi me t\u00eb cilin, i siguron p\u00ebrfaq\u00ebsuesit\/t\u00eb riut \u00e7el\u00ebsin p\u00ebr vendosjen n\u00eb pun\u00eb t\u00eb struktur\u00ebs. N\u00eb nj\u00eb marr\u00ebdh\u00ebnie ushqyese me militant\u00ebt, p\u00ebrfaq\u00ebsuesi i \u201carmatos\u201d ata me strategji, ide dhe mjete, duke l\u00ebvizur bashk\u00eb me ta, duke vepruar bashk\u00eb me ta, duke i orientuar dhe p\u00ebrforcuar n\u00eb strategjin\u00eb politike q\u00eb bashk\u00eb nd\u00ebrtojn\u00eb.<\/p>\n<p>N\u00eb t\u00eb till\u00eb rol dhe pozicionim, p\u00ebrfaq\u00ebsuesi\/i riu b\u00ebhet impulsi i par\u00eb i nj\u00eb dinamike dhe energjie progresive, e cila rritet n\u00eb m\u00ebnyr\u00eb proporcionale me zmadhimin e struktur\u00ebs. Militanti, mbi baz\u00ebn e impulsit t\u00eb p\u00ebrfaq\u00ebsuesit krijon impaktin, duke u kthyer k\u00ebshtu nga v\u00ebzhgues i shk\u00ebputur dhe i pap\u00ebrfaq\u00ebsuar n\u00eb skem\u00ebn e par\u00eb, n\u00eb qend\u00ebr t\u00eb ecuris\u00eb s\u00eb pun\u00ebs n\u00eb struktur\u00eb. Ky impakt, i stimuluar nga impulsi i p\u00ebrfaq\u00ebsuesit me ide, strategji dhe mjete, dhe i ekzekutuar nga militanti, b\u00ebhet i preksh\u00ebm n\u00ebp\u00ebrmjet gjith\u00eb veprimtaris\u00eb politike t\u00eb Partis\u00eb, e cila merr forma nga m\u00eb t\u00eb ndryshmet.<\/p>\n<p>N\u00eb koh\u00eb jasht\u00eb zgjedhore, kjo dikotomi (P\u00ebrfaq\u00ebsues &#8211; Militant; Impuls &#8211; Impakt) p\u00ebrkufizon thelbin e veprimtaris\u00eb politike, m\u00eb s\u00eb shumti t\u00eb nj\u00eb partie opozitare. Kur Partia k\u00ebrkon t\u00eb arrij\u00eb nj\u00eb rezultat si p\u00ebr shembull n\u00ebp\u00ebrmjet protestave apo zgjedhjeve, impakti i militantit shkon m\u00eb gjer\u00eb tek an\u00ebtar\u00ebt, t\u00eb cil\u00ebt vazhdojn\u00eb dhe zgjerojn\u00eb\/zmadhojn\u00eb dinamik\u00ebn drejt popullit. Krejt\u00ebsisht n\u00eb kontrast efekti me skem\u00ebn e par\u00eb, e gjitha krijon nj\u00eb l\u00ebvizje pa thyerje, nj\u00eb l\u00ebvizje n\u00eb zmadhim t\u00eb gjith\u00ebkohsh\u00ebm. Vizualisht, kjo skem\u00eb e veprimtaris\u00eb politike do t\u2018i p\u00ebrngjante nj\u00eb hinke t\u00eb kthyer mbrapsht, n\u00eb baz\u00ebn e ngusht\u00eb t\u00eb s\u00eb cil\u00ebs, qoft\u00eb p\u00ebr nga numri i p\u00ebrb\u00ebr\u00ebsve t\u00eb kategoris\u00eb apo nga intensiteti i prodhuar gjendet p\u00ebrfaq\u00ebsuesi politik, impulsi i t\u00eb cilit shkon m\u00eb pas tek militanti, nd\u00ebrsa impakti i k\u00ebtij t\u00eb fundit amplifikohet tek an\u00ebtar\u00ebsia dhe Partia, deri kur veprimtaria e zgjeruar, e pathyer, e bollshme dhe gjith\u00ebp\u00ebrfshir\u00ebse, rrezaton drejt popullit.Paralelizuar ndryshe, arsyeja pse \u201cHinka e kthyer mbrapsht\u201d zgjeron dhe zmadhon impulsin q\u00eb jep p\u00ebrfaq\u00ebsuesi politik i vendosur n\u00eb baz\u00eb t\u00eb saj, i p\u00ebrngjan efektit t\u00eb val\u00ebve.<\/p>\n<p>P\u00ebr\u00e7imi b\u00ebhet dor\u00eb m\u00eb dor\u00eb, krah p\u00ebr krah, tryez\u00eb p\u00ebr tryez\u00eb duke iu dh\u00ebn\u00eb i t\u00ebri nj\u00eb efekti t\u00eb natyrsh\u00ebm q\u00eb i p\u00ebrngjan val\u00ebve q\u00eb p\u00ebrhapen. Takimi dhe pajisja me ide, strategji, mjete e nj\u00eb militanti, p\u00ebrhapet si val\u00eb n\u00eb 10, 100, 1000 t\u00eb tjer\u00eb, nd\u00ebrsa shum\u00ebfishohet m\u00eb pas tek an\u00ebtar\u00ebsia. P\u00ebrfaq\u00ebsuesi angazhon militantin, militant\u00ebt angazhojn\u00eb nj\u00ebri-tjetrin, t\u00eb gjith\u00eb bashk\u00eb angazhojn\u00eb Partin\u00eb, e cila si n\u00eb nj\u00eb val\u00eb unisone rrezaton n\u00eb popull.<\/p>\n<p>Brain Gain n\u00eb k\u00ebt\u00eb skem\u00eb t\u00eb dyt\u00eb.<\/p>\n<p>\u201cHinka e kthyer mbrapsht\u201d si skem\u00eb e pozicionimit t\u00eb p\u00ebrfaq\u00ebsuesit politik\/t\u00eb riut n\u00eb fillim t\u00eb ingranazhit t\u00eb veprimtaris\u00eb politike t\u00eb Partis\u00eb, ka qen\u00eb prej krijimit t\u00eb tij filozofia udh\u00ebheq\u00ebse e Departamentit Brain Gain, e p\u00ebrkthyer n\u00eb nj\u00eb qasje institucionale n\u00eb sh\u00ebrbim t\u00eb strukturave t\u00eb Partis\u00eb. Rikthyer pyetjes si indicie, kjo na b\u00ebn ekzistent\u00eb, por aty ku duhet dhe n\u00eb sh\u00ebrbim t\u00eb asaj q\u00eb duam. Aktiviteti yn\u00eb, kontributi yn\u00eb, angazhimi yn\u00eb, puna jon\u00eb kan\u00eb pasur p\u00ebr q\u00ebllim shtimin, pasurimin dhe p\u00ebrforcimin n\u00eb aspektin ideues, strategjik dhe propozues n\u00eb Partin\u00eb Demokratike. Si t\u00eb till\u00eb, ka qen\u00eb e pashmangshme q\u00eb media t\u00eb mos na njoh\u00eb, s\u00eb paku edhe modestisht, por edhe n\u00ebse ka d\u00ebshir\u00eb ta mohoj\u00eb qoft\u00eb edhe d\u00ebgjimin e t\u00ebrthort\u00eb p\u00ebr veprimtarin\u00eb ton\u00eb, \u00ebsht\u00eb e kuptueshme, sepse akoma m\u00eb pak kemi synuar ne v\u00ebmendjen e saj. Brain Gain ka synuar tjet\u00ebr njohje: at\u00eb me militantin.<\/p>\n<p>Duke u vendosur n\u00eb sh\u00ebrbim t\u00eb struktur\u00ebs pak e nga pak n\u00eb var\u00ebsi t\u00eb profilit t\u00eb tyre, disa prej an\u00ebtar\u00ebve jan\u00eb marr\u00eb me artikuj q\u00eb shtyjn\u00eb debatin e ideve dhe propozimeve mbi gjith\u00eb hallkat e shtetformimit n\u00eb vend, deri n\u00eb hartimin e nj\u00eb vije t\u00ebr\u00ebsore propozuese p\u00ebr programin elektoral t\u00eb Partis\u00eb Demokratike p\u00ebr vitin 2025 n\u00eb botimin \u201cP\u00ebr Shekullin Shqiptar\u201d; t\u00eb tjer\u00eb an\u00ebtar\u00eb jan\u00eb investuar n\u00eb nd\u00ebrtimin e mjeteve n\u00eb sh\u00ebrbim t\u00eb militant\u00ebve dhe an\u00ebtar\u00ebsis\u00eb si \u201cLibri i Pun\u00ebve t\u00eb Mira\u201d, \u201cN\u00eb k\u00ebrkim t\u00eb Simboleve\u201d; t\u00eb tjer\u00eb jan\u00eb angazhuar n\u00eb protestat e her\u00ebpashershme si forc\u00eb opozitare; s\u00eb fundmi, kryesisht n\u00eb funksion t\u00eb pun\u00ebs s\u00eb kryer deri m\u00eb tani nga Departamenti, me gjith\u00eb kushtet e censur\u00ebs, i jemi p\u00ebrqasur medias si mjet i shpalosjes t\u00eb pun\u00ebs s\u00eb deritanishme, nd\u00ebrsa angazhimi i brendsh\u00ebm n\u00eb sh\u00ebrbim t\u00eb militant\u00ebve dhe an\u00ebtar\u00ebsis\u00eb vazhdon, tashm\u00eb me fokus n\u00eb hartimin strategjik t\u00eb argumenteve dhe fakteve p\u00ebr \u00e7montimin e propagand\u00ebs p\u00ebrpara fushat\u00ebs zgjedhore.<\/p>\n<p>Diskutim p\u00ebrmbyll\u00ebs<\/p>\n<p>\u201cHinka e kthyer mbrapsht\u201d pa suksesin e funksionimit t\u00eb saj n\u00eb l\u00ebvizjen e Foltores, si casus q\u00eb sh\u00ebrben si shembull mbi at\u00eb \u00e7far\u00eb mund t\u00eb prodhoj\u00eb l\u00ebvizja e duhur e p\u00ebrfaq\u00ebsuesit politik. N\u00eb rastin e Foltores, p\u00ebrfaq\u00ebsuesi politik u vendos n\u00eb fillim t\u00eb ingranazhit, duke zbritur n\u00eb baz\u00eb p\u00ebr t\u2018i dh\u00ebn\u00eb impulsin e mobilizimit militant\u00ebve dhe an\u00ebtar\u00ebsis\u00eb. Media, e shkruar dhe vizive, ndoqi q\u00ebllimin e saj duke iu bashkuar k\u00ebsaj tangoje t\u00eb duhur politike n\u00eb d\u00ebrgimin e projektor\u00ebve dhe kamer\u00ebs atje ku shkonte p\u00ebrfaq\u00ebsuesi politik. Nj\u00ebjt\u00eb si n\u00eb vij\u00ebn teorike t\u00eb shpjeguar m\u00eb sip\u00ebr, media ndoqi politik\u00ebn, nd\u00ebrsa kjo e fundit i tregoi rrug\u00ebn p\u00ebr tek militanti, p\u00ebr tek an\u00ebtar\u00ebsia, p\u00ebr tek Partia, p\u00ebr tek populli. Ishte p\u00ebrfaq\u00ebsuesi politik, ai q\u00eb t\u00ebrhoqi drit\u00ebn e medias n\u00eb dinamik\u00ebn e terrenit. Kjo e b\u00ebn marr\u00ebdh\u00ebnien politik\u00eb-media m\u00eb t\u00eb sh\u00ebndosh\u00eb, m\u00eb konstruktive n\u00eb bashk\u00ebpunim, m\u00eb t\u00eb sinqert\u00eb n\u00eb nd\u00ebrveprim. Media i largohet show-t dhe p\u00ebrqafon realitetin politik t\u00eb terrenit, nd\u00ebrsa politika dhe p\u00ebrfaq\u00ebsuesi politik del nga iluzioni konjitiv dhe kryen rolin e tij n\u00eb energjizimin e Partis\u00eb.<\/p>\n<p>Fare pak muaj nga data e zgjedhjeve, kjo skem\u00eb duhet t\u00eb shnd\u00ebrrohet n\u00eb nj\u00ebsi mat\u00ebse p\u00ebr energjizimin e strukturave t\u00eb PD, m\u00eb s\u00eb shumti t\u00eb atyre jasht\u00eb Tiran\u00ebs. Valenca politike duhet t\u00eb matet nga aft\u00ebsia p\u00ebr krijimin e impulsit drejt militant\u00ebve, \u201carmatosjen\u201d e tyre me mjetet politike q\u00eb do t\u00eb ken\u00eb impakt tek an\u00ebtar\u00ebt, Partia dhe populli. Pak kan\u00eb rol dhe funksion p\u00ebrfaq\u00ebsuesit n\u00eb k\u00ebt\u00eb \u00e7ast politik n\u00ebn dritat e kamerave, nd\u00ebrsa militant\u00ebt presin impulsin prej tyre n\u00eb terren. Organizimi i grupeve t\u00eb pun\u00ebs nga Partia Demokratike, t\u00eb cilat n\u00ebn drejtuesit politik\u00eb t\u00eb qarqeve kan\u00eb detyr\u00ebn e mobilizimit paraprak t\u00eb baz\u00ebs militante dhe an\u00ebtar\u00ebsis\u00eb p\u00ebr zhvillimin e fushat\u00ebs zgjedhore \u00ebsht\u00eb nj\u00eb sinjal pozitiv n\u00eb k\u00ebt\u00eb drejtim. Gjith\u00eb \u00e7far\u00eb mbetet \u00ebsht\u00eb investimi kat\u00ebrcip\u00ebror n\u00eb k\u00ebt\u00eb rol.<\/p>\n<p>Zbritja n\u00eb terren dhe vendosja n\u00eb hallk\u00ebn e par\u00eb t\u00eb zinxhirit t\u00eb veprimtaris\u00eb politike, \u00ebsht\u00eb pashmanshm\u00ebrisht e imponuar edhe nga koordinimi i hekurt mediatik q\u00eb b\u00ebjn\u00eb regjimet autokrate moderne. Duke e shnd\u00ebrruar pushteti politik\u00ebn n\u00eb nj\u00eb loj\u00eb me regji t\u00eb koordinuar q\u00eb gatuhet n\u00eb median audiovizive, vendosja e p\u00ebrfaq\u00ebsuesve aty p\u00ebrve\u00e7 se thyen gjith\u00eb dinamik\u00ebn politike t\u00eb opozit\u00ebs dhe \u00e7orienton betej\u00ebn, ajo i sh\u00ebrben vet\u00ebm regjis\u00eb s\u00eb pushtetit. Kjo ka b\u00ebr\u00eb q\u00eb p\u00ebrfaq\u00ebsuesit politik\u00eb opozitar\u00eb n\u00eb vende t\u00eb tilla t\u00eb braktisin studiot dhe t\u2018i p\u00ebrvishen terrenit (psh. opozita e fuqishme bjelloruse n\u00eb vitin 2020, etj.).<br \/>\nMegjithat\u00eb, edhe n\u00eb raste diametralisht t\u00eb kund\u00ebrta, ku demokracia me gjith\u00eb drit\u00ebhijet e saj udh\u00ebzon jet\u00ebn politike t\u00eb vendit, media s\u00ebrish nuk shihet si q\u00ebllim q\u00eb tejkalon potencialin politik q\u00eb prodhon puna me baz\u00ebn e Partis\u00eb. Senator\u00eb republikan\u00eb n\u00eb SHBA jan\u00eb shpesh shembull i p\u00ebrkthimit n\u00eb sukses t\u00eb kapitalit politik pa ndjekur trendin e mediave sociale.<\/p>\n<p>Nuk mbetet ve\u00e7se t\u2018i rikthehemi p\u00ebrmbylltazi parashtrimit t\u00eb mendimeve n\u00eb fillimet e k\u00ebtij shkrimi. Nd\u00ebrsa tangoja kontemporane politik\u00eb-media, p\u00ebrmes skem\u00ebs s\u00eb dyt\u00eb t\u00eb rolit dhe pozicionimit t\u00eb p\u00ebrfaq\u00ebsuesit politik sipas \u201cHink\u00ebs s\u00eb kthyer mbrapsht\u201d, kthehet nga nj\u00eb k\u00ebrcim intrigant ku nj\u00ebri p\u00ebrfiton nga drita e tjetrit, n\u00eb nj\u00eb k\u00ebrcim n\u00eb mos t\u00eb ndjer\u00eb, s\u00eb paku harmonik ku secili p\u00ebrmbushet n\u00eb q\u00ebllimin e tij, pyetja q\u00eb do t\u00eb na kishte ting\u00eblluar m\u00eb ftuese do t\u00eb ishte \u201cA jan\u00eb t\u00eb rinjt\u00eb e Brain Gain atje ku duhet t\u00eb jen\u00eb?\u201d. Nd\u00ebrsa t\u00eb till\u00eb pyetjeje me siguri do t\u2019i ishim p\u00ebrgjigjur me entuziazmin shpesh infantil t\u00eb atyre q\u00eb krenohen me pun\u00ebn dhe lodhjen mbi at\u00eb \u00e7far\u00eb kan\u00eb nd\u00ebrtuar, duhet t\u00eb jemi t\u00eb vet\u00ebdijsh\u00ebm se pak kemi n\u00eb dor\u00eb p\u00ebr \u00e7far\u00eb pyetemi, por shum\u00eb mund t\u00eb investohemi p\u00ebr t\u00eb nd\u00ebrtuar argumentet faktike t\u00eb p\u00ebrgjigjes.<\/p>","protected":false},"excerpt":{"rendered":"<p>Nga Andi Mustafaj dhe Pranvera Shehaj\u00a0 \u201cKu jan\u00eb k\u00ebta t\u00eb Brain Gain, nuk i shohim n\u00eb ekrane e as n\u00eb rrjete sociale?\u201d \u2013 kjo ishte n\u00eb thelb pyetja q\u00eb iu b\u00eb n\u00eb nj\u00eb prej emisioneve m\u00eb t\u00eb ndjekura t\u00eb televizionit Kryetarit t\u00eb Partis\u00eb Demokratike teksa ky i fundit po fliste p\u00ebr risit\u00eb e ndryshme q\u00eb [&hellip;]<\/p>","protected":false},"author":1,"featured_media":3973,"comment_status":"closed","ping_status":"closed","sticky":false,"template":"","format":"standard","meta":{"footnotes":""},"categories":[47],"tags":[],"class_list":["post-3972","post","type-post","status-publish","format-standard","has-post-thumbnail","hentry","category-editorial"],"_links":{"self":[{"href":"https:\/\/braingain.pd.al\/en\/wp-json\/wp\/v2\/posts\/3972","targetHints":{"allow":["GET"]}}],"collection":[{"href":"https:\/\/braingain.pd.al\/en\/wp-json\/wp\/v2\/posts"}],"about":[{"href":"https:\/\/braingain.pd.al\/en\/wp-json\/wp\/v2\/types\/post"}],"author":[{"embeddable":true,"href":"https:\/\/braingain.pd.al\/en\/wp-json\/wp\/v2\/users\/1"}],"replies":[{"embeddable":true,"href":"https:\/\/braingain.pd.al\/en\/wp-json\/wp\/v2\/comments?post=3972"}],"version-history":[{"count":0,"href":"https:\/\/braingain.pd.al\/en\/wp-json\/wp\/v2\/posts\/3972\/revisions"}],"wp:featuredmedia":[{"embeddable":true,"href":"https:\/\/braingain.pd.al\/en\/wp-json\/wp\/v2\/media\/3973"}],"wp:attachment":[{"href":"https:\/\/braingain.pd.al\/en\/wp-json\/wp\/v2\/media?parent=3972"}],"wp:term":[{"taxonomy":"category","embeddable":true,"href":"https:\/\/braingain.pd.al\/en\/wp-json\/wp\/v2\/categories?post=3972"},{"taxonomy":"post_tag","embeddable":true,"href":"https:\/\/braingain.pd.al\/en\/wp-json\/wp\/v2\/tags?post=3972"}],"curies":[{"name":"wp","href":"https:\/\/api.w.org\/{rel}","templated":true}]}}