{"id":2312,"date":"2024-11-12T11:34:43","date_gmt":"2024-11-12T11:34:43","guid":{"rendered":"https:\/\/braingain.pd.al\/?p=2312"},"modified":"2024-12-24T12:35:48","modified_gmt":"2024-12-24T12:35:48","slug":"syte-nga-amerika","status":"publish","type":"post","link":"https:\/\/braingain.pd.al\/en\/syte-nga-amerika\/","title":{"rendered":"&#8216;Syt\u00eb nga Amerika, motoja e drejtimit t\u00eb ri&#8217; &#8211; Rrotacioni politik, i domosdosh\u00ebm p\u00ebr Shqip\u00ebrin\u00eb"},"content":{"rendered":"<div data-elementor-type=\"wp-post\" data-elementor-id=\"2312\" class=\"elementor elementor-2312\">\n\t\t\t\t<div class=\"elementor-element elementor-element-35b7a039 e-flex e-con-boxed e-con e-parent\" data-id=\"35b7a039\" data-element_type=\"container\">\n\t\t\t\t\t<div class=\"e-con-inner\">\n\t\t\t\t<div class=\"elementor-element elementor-element-63c80cb1 elementor-widget elementor-widget-text-editor\" data-id=\"63c80cb1\" data-element_type=\"widget\" data-widget_type=\"text-editor.default\">\n\t\t\t\t<div class=\"elementor-widget-container\">\n\t\t\t\t\t\t\t\t\t<strong>Amarildo Veizi, an\u00ebtar i Departamentit Brain Gain, mbajti nj\u00eb fjalim sot n\u00eb tubimin posht\u00eb sht\u00ebpis\u00eb s\u00eb kryetarit t\u00eb Partis\u00eb Demokratike, Sali Berisha.<\/strong>\r\n\r\nN\u00eb fjal\u00ebn e tij, Veizi theksoi r\u00ebnd\u00ebsin\u00eb e orientimit t\u00eb politikave drejt Amerik\u00ebs, duke u mb\u00ebshtetur n\u00eb modelin demokratik dhe vlerat e saj.\r\n\r\n&nbsp;\r\n\r\nAi ngriti shqet\u00ebsimin p\u00ebr situat\u00ebn ekonomike dhe humbjen e vler\u00ebs s\u00eb kursimeve t\u00eb qytetar\u00ebve p\u00ebr shkak t\u00eb inflacionit dhe investimeve informale. Veizi n\u00ebnvizoi se rrotacioni politik \u00ebsht\u00eb nj\u00eb proces i pashmangsh\u00ebm dhe i domosdosh\u00ebm p\u00ebr nj\u00eb demokraci t\u00eb sh\u00ebndetshme. Ai p\u00ebrmbylli fjalimin e tij me mesazhin se frika duhet t\u00eb kap\u00ebrcehet n\u00eb m\u00ebnyr\u00eb q\u00eb demokracia t\u00eb zhvillohet n\u00eb Shqip\u00ebri.\r\n<div id=\"rekl-13\">\r\n<div id=\"__sap-ad-15\" class=\"__sap-ads __sap-html inline tracked\" data-title=\"Credins desktop Brenda lajmit 08\"><\/div>\r\n<\/div>\r\n<div id=\"rekl-4\"><\/div>\r\n<div id=\"rekl-62\"><\/div>\r\n<div id=\"rekl-56\"><\/div>\r\n<blockquote>&#8216;Motoja duhet t\u00eb jet\u00eb \u201csyt\u00eb nga Amerika.\u201d\r\n<div id=\"rekl-42\"><\/div>\r\n<div id=\"rekl-57\"><\/div>\r\nEkonomia, remitancat aktuale dhe euro jan\u00eb, si t\u00eb thuash, nj\u00eb uj\u00eb q\u00eb ka nisur t\u00eb vloj\u00eb q\u00eb prej vitit 2015 dhe tashm\u00eb ka arritur kulmin. P\u00ebr ta th\u00ebn\u00eb shqip, bukur dhe sakt\u00eb, nj\u00eb shqiptar q\u00eb ka pasur 100 mij\u00eb euro depozit\u00eb n\u00eb bank\u00eb n\u00eb vitin 2015, ka pasur afro 130 milion\u00eb lek\u00eb t\u00eb vjetra; sot ka 97 milion\u00eb lek\u00eb t\u00eb vjetra.\r\n\r\nArsyeja jan\u00eb t\u00eb gjitha parat\u00eb e padeklaruara informale, t\u00eb futura n\u00eb Shqip\u00ebri n\u00ebp\u00ebrmjet investimeve, p\u00ebrve\u00e7 faktorit turistik q\u00eb \u00ebsht\u00eb nd\u00ebrtuar si fasada m\u00eb e mir\u00eb e saj. Sot vuajm\u00eb k\u00ebt\u00eb kurs k\u00ebmbimi, i cili nd\u00ebshkon shum\u00eb shqiptar\u00eb.\r\n\r\nAshtu si populli amerikan diti t\u00eb b\u00ebj\u00eb zgjedhjen e tij, edhe n\u00eb Shqip\u00ebri \u00ebsht\u00eb i pashmangsh\u00ebm ky rrotacion. Do t\u00eb citoja nj\u00eb shprehje q\u00eb p\u00ebrkon me momentin: \u201cAsgj\u00eb nuk \u00ebsht\u00eb e p\u00ebrhershme, p\u00ebrve\u00e7 ndryshimit,\u201d dhe rrotacioni \u00ebsht\u00eb po aq i nevojsh\u00ebm sa edhe i pashmangsh\u00ebm n\u00eb Shqip\u00ebri.\r\n\r\nNj\u00eb tjet\u00ebr shprehje thot\u00eb: \u201cDemokracia fillon aty ku vdes frika,\u201d dhe shqiptar\u00ebt do ta vrasin frik\u00ebn, sepse do t\u00eb lind\u00eb demokracia.&#8217;- u shpreh Veizi.<\/blockquote>\r\n&nbsp;\t\t\t\t\t\t\t\t<\/div>\n\t\t\t\t<\/div>\n\t\t\t\t\t<\/div>\n\t\t\t\t<\/div>\n\t\t<div class=\"elementor-element elementor-element-bf015ed e-flex e-con-boxed e-con e-parent\" data-id=\"bf015ed\" data-element_type=\"container\">\n\t\t\t\t\t<div class=\"e-con-inner\">\n\t\t\t\t<div class=\"elementor-element elementor-element-285ff5d elementor-widget elementor-widget-video\" data-id=\"285ff5d\" data-element_type=\"widget\" data-settings=\"{&quot;youtube_url&quot;:&quot;https:\\\/\\\/youtu.be\\\/PwAETNi5R0c&quot;,&quot;mute&quot;:&quot;yes&quot;,&quot;video_type&quot;:&quot;youtube&quot;,&quot;controls&quot;:&quot;yes&quot;}\" data-widget_type=\"video.default\">\n\t\t\t\t<div class=\"elementor-widget-container\">\n\t\t\t\t\t\t\t<div class=\"elementor-wrapper elementor-open-inline\">\n\t\t\t<div class=\"elementor-video\"><\/div>\t\t<\/div>\n\t\t\t\t\t\t<\/div>\n\t\t\t\t<\/div>\n\t\t\t\t\t<\/div>\n\t\t\t\t<\/div>\n\t\t\t\t<\/div>","protected":false},"excerpt":{"rendered":"<p>Amarildo Veizi, an\u00ebtar i Departamentit Brain Gain, mbajti nj\u00eb fjalim sot n\u00eb tubimin posht\u00eb sht\u00ebpis\u00eb s\u00eb kryetarit t\u00eb Partis\u00eb Demokratike, Sali Berisha. N\u00eb fjal\u00ebn e tij, Veizi theksoi r\u00ebnd\u00ebsin\u00eb e orientimit t\u00eb politikave drejt Amerik\u00ebs, duke u mb\u00ebshtetur n\u00eb modelin demokratik dhe vlerat e saj. Ai ngriti shqet\u00ebsimin p\u00ebr situat\u00ebn ekonomike dhe humbjen e vler\u00ebs [&hellip;]<\/p>","protected":false},"author":1,"featured_media":2318,"comment_status":"closed","ping_status":"closed","sticky":false,"template":"","format":"standard","meta":{"footnotes":""},"categories":[43],"tags":[],"class_list":["post-2312","post","type-post","status-publish","format-standard","has-post-thumbnail","hentry","category-rrugica-e-shpreses"],"_links":{"self":[{"href":"https:\/\/braingain.pd.al\/en\/wp-json\/wp\/v2\/posts\/2312","targetHints":{"allow":["GET"]}}],"collection":[{"href":"https:\/\/braingain.pd.al\/en\/wp-json\/wp\/v2\/posts"}],"about":[{"href":"https:\/\/braingain.pd.al\/en\/wp-json\/wp\/v2\/types\/post"}],"author":[{"embeddable":true,"href":"https:\/\/braingain.pd.al\/en\/wp-json\/wp\/v2\/users\/1"}],"replies":[{"embeddable":true,"href":"https:\/\/braingain.pd.al\/en\/wp-json\/wp\/v2\/comments?post=2312"}],"version-history":[{"count":0,"href":"https:\/\/braingain.pd.al\/en\/wp-json\/wp\/v2\/posts\/2312\/revisions"}],"wp:featuredmedia":[{"embeddable":true,"href":"https:\/\/braingain.pd.al\/en\/wp-json\/wp\/v2\/media\/2318"}],"wp:attachment":[{"href":"https:\/\/braingain.pd.al\/en\/wp-json\/wp\/v2\/media?parent=2312"}],"wp:term":[{"taxonomy":"category","embeddable":true,"href":"https:\/\/braingain.pd.al\/en\/wp-json\/wp\/v2\/categories?post=2312"},{"taxonomy":"post_tag","embeddable":true,"href":"https:\/\/braingain.pd.al\/en\/wp-json\/wp\/v2\/tags?post=2312"}],"curies":[{"name":"wp","href":"https:\/\/api.w.org\/{rel}","templated":true}]}}