{"id":2299,"date":"2024-02-09T17:17:44","date_gmt":"2024-02-09T17:17:44","guid":{"rendered":"https:\/\/braingain.pd.al\/?p=2299"},"modified":"2024-12-24T12:50:29","modified_gmt":"2024-12-24T12:50:29","slug":"fjalimi-i-neada-stana-tek-rrugica-e-shpreses","status":"publish","type":"post","link":"https:\/\/braingain.pd.al\/en\/fjalimi-i-neada-stana-tek-rrugica-e-shpreses\/","title":{"rendered":"Fjalimi i Neada Stana tek &#8220;Rrugica e Shpres\u00ebs&#8221;"},"content":{"rendered":"<h3>Nga Neada Stana<\/h3>\n<p>&nbsp;<\/p>\n<p>&#8220;T\u00eb nderuar bashk\u00ebatdhetar\u00eb, t\u00eb rinj dhe t\u00eb reja, an\u00ebtar\u00eb t\u00eb Partis\u00eb Demokratike kudo q\u00eb ndodheni, mir\u00ebmbrema. Un\u00eb jam Neada Stana, an\u00ebtare e Departamentit Brain Gain dhe gjithashtu an\u00ebtare e kryesis\u00eb s\u00eb PD-s\u00eb, dega Mat.<\/p>\n<p>Ne mblidhemi \u00e7do dit\u00eb k\u00ebtu jo vet\u00ebm p\u00ebr t\u00eb treguar solidaritetin ton\u00eb ndaj nj\u00eb kryetari t\u00eb burgosur politik, por edhe p\u00ebr t\u00eb diskutuar p\u00ebr \u00e7\u00ebshtjet q\u00eb jan\u00eb thelb\u00ebsore p\u00ebr t\u00eb ardhmen e vendit ton\u00eb.<\/p>\n<p>N\u00eb qend\u00ebr t\u00eb diskutimit tim sot jan\u00eb dy shtylla t\u00eb r\u00ebnd\u00ebsishme p\u00ebr t\u00eb nes\u00ebrmen e vendit ton\u00eb: rinia dhe m\u00ebrgata jon\u00eb. Rinia shqiptare ka qen\u00eb gjithmon\u00eb forca dhe motori q\u00eb shtyn p\u00ebrpara shoq\u00ebrin\u00eb dhe ndryshimin. N\u00eb \u00e7do periudh\u00eb t\u00eb v\u00ebshtir\u00eb, t\u00eb rinjt\u00eb kan\u00eb treguar se jan\u00eb t\u00eb gatsh\u00ebm t\u00eb luftojn\u00eb p\u00ebr idealet e liris\u00eb, demokracis\u00eb dhe drejt\u00ebsis\u00eb.<\/p>\n<p>Sot, m\u00eb shum\u00eb se kurr\u00eb, kemi nevoj\u00eb q\u00eb rinia dhe diaspora t\u00eb marrin n\u00eb dor\u00eb fatin e tyre dhe t\u00eb vendit ton\u00eb. Kjo k\u00ebrkon jo vet\u00ebm p\u00ebrkushtim, por edhe mund\u00ebsi p\u00ebr t\u00eb gjith\u00eb \u2013 mund\u00ebsi q\u00eb, p\u00ebr fat t\u00eb keq, sot mungojn\u00eb n\u00eb Shqip\u00ebri.<\/p>\n<p>Diaspora jon\u00eb \u00ebsht\u00eb d\u00ebshmia e gjall\u00eb e p\u00ebrpjekjeve t\u00eb shqiptar\u00ebve p\u00ebr t\u00eb k\u00ebrkuar nj\u00eb jet\u00eb m\u00eb t\u00eb mir\u00eb jasht\u00eb vendit. P\u00ebr dekada, shum\u00eb prej nesh jan\u00eb detyruar t\u00eb largohen nga atdheu, duke k\u00ebrkuar pun\u00eb dhe jet\u00eb m\u00eb t\u00eb mir\u00eb p\u00ebr veten dhe familjet e tyre. Shum\u00eb prej k\u00ebtyre njer\u00ebzve q\u00eb jan\u00eb larguar vitet e fundit jan\u00eb demokrat\u00eb, t\u00eb cil\u00ebt p\u00ebr vite me radh\u00eb kan\u00eb luftuar p\u00ebr nj\u00eb Shqip\u00ebri t\u00eb lir\u00eb dhe demokratike. Fatkeq\u00ebsisht, jan\u00eb po k\u00ebta njer\u00ebz q\u00eb jan\u00eb detyruar t\u00eb largohen p\u00ebr shkak t\u00eb kushteve t\u00eb v\u00ebshtira ekonomike dhe munges\u00ebs s\u00eb mund\u00ebsive n\u00eb vendin ton\u00eb.<\/p>\n<p>Edhe gjat\u00eb periudh\u00ebs s\u00eb qeverisjes s\u00eb PD-s\u00eb ka pasur emigracion, por shqiptar\u00ebt largoheshin me \u00ebndrr\u00ebn p\u00ebr t&#8217;u kthyer dhe p\u00ebr t\u00eb investuar n\u00eb Shqip\u00ebri. Nd\u00ebrsa sot fenomeni \u00ebsht\u00eb ndryshe, sepse, fatkeq\u00ebsisht, shqiptar\u00ebt largohen p\u00ebr t\u00eb mos u kthyer m\u00eb.<\/p>\n<p>Sot, ne duhet t\u00eb mendojm\u00eb p\u00ebr m\u00ebnyrat se si mund ta rikthejm\u00eb k\u00ebt\u00eb pasuri t\u00eb madhe q\u00eb \u00ebsht\u00eb m\u00ebrgata jon\u00eb. Ne duhet t\u00eb krijojm\u00eb nj\u00eb Shqip\u00ebri q\u00eb ofron mund\u00ebsi, nj\u00eb vend ku t\u00eb rinjt\u00eb mund t\u00eb nd\u00ebrtojn\u00eb t\u00eb ardhmen e tyre pa qen\u00eb t\u00eb detyruar t\u00eb largohen.<\/p>\n<p>Ne duhet t\u00eb kemi parasysh se as jasht\u00eb Shqip\u00ebris\u00eb nuk \u00ebsht\u00eb kaq e leht\u00eb. Jeta n\u00eb emigracion k\u00ebrkon sakrifica t\u00eb m\u00ebdha, larg familjes, duke l\u00ebn\u00eb pas vendin t\u00ebnd dhe gjith\u00e7ka q\u00eb t\u00eb lidh me t\u00eb. Por, n\u00ebse jemi t\u00eb gatsh\u00ebm t\u00eb sakrifikojm\u00eb n\u00eb nj\u00eb vend t\u00eb huaj, pse t\u00eb mos e b\u00ebjm\u00eb k\u00ebt\u00eb sakrific\u00eb p\u00ebr vendin ton\u00eb? Pse t\u00eb mos luftojm\u00eb p\u00ebr t\u00eb nd\u00ebrtuar nj\u00eb t\u00eb ardhme k\u00ebtu, pran\u00eb familjar\u00ebve dhe Atdheut?<\/p>\n<p>Un\u00eb flas sot si nj\u00eb e re q\u00eb jam kthyer n\u00eb Shqip\u00ebri dy vite m\u00eb par\u00eb. Gjat\u00eb k\u00ebsaj kohe, m\u00eb \u00ebsht\u00eb dashur t\u00eb sakrifikoj p\u00ebr t\u2019u stabilizuar. Kam nd\u00ebrruar kat\u00ebr pun\u00eb brenda nj\u00eb viti dhe besom\u00ebni, nuk ka qen\u00eb aspak e thjesht\u00eb. Por, pa sakrific\u00eb, nuk ka arritje! Asnj\u00eb dit\u00eb nuk jam penduar p\u00ebr kthimin tim, edhe pse shum\u00eb m\u00eb thon\u00eb se do t\u00eb pendohem. \u00cbsht\u00eb nj\u00eb vendim q\u00eb e kam marr\u00eb me zem\u00ebr dhe do ta merrja p\u00ebrs\u00ebri e p\u00ebrs\u00ebri, pavar\u00ebsisht peripecive.<\/p>\n<p>N\u00eb Departamentin Brain Gain, ku tashm\u00eb jam angazhuar prej thuajse dy vjet\u00ebsh, ndjej se po punoj me njer\u00ebzit e duhur, q\u00eb ndajn\u00eb t\u00eb nj\u00ebjt\u00ebn filozofi, ideale dhe parime si un\u00eb. K\u00ebtu, idet\u00eb e mia vler\u00ebsohen dhe impenjimi im dhe i gjithsecilit an\u00ebtar po ashtu, duke na motivuar t\u00eb punojm\u00eb gjithnj\u00eb e m\u00eb shum\u00eb, bashk\u00eb si nj\u00eb ekip.<\/p>\n<p>Ne jemi t\u00eb gjith\u00eb bashk\u00ebluft\u00ebtar\u00eb n\u00eb k\u00ebt\u00eb betej\u00eb kund\u00ebr sundimit dhe regjimit aktual, prandaj ju ftoj t\u00eb na bashkoheni. B\u00ebhuni pjes\u00eb e Departamentit Brain Gain dhe PD-s\u00eb. E di q\u00eb nuk \u00ebsht\u00eb e leht\u00eb, por kjo \u00ebsht\u00eb rruga e vetme. Duhet t\u00eb b\u00ebhemi bashk\u00eb, t\u00eb jemi shum\u00eb, sepse vet\u00ebm t\u00eb bashkuar mund t\u00eb p\u00ebrballojm\u00eb sfidat q\u00eb na presin. Forca jon\u00eb q\u00ebndron n\u00eb unitetin ton\u00eb. \u00c7do z\u00eb dhe kontribut \u00ebsht\u00eb i r\u00ebnd\u00ebsish\u00ebm. T\u00eb gjith\u00eb s\u00eb bashku, me vendosm\u00ebri dhe kurajo, mund t\u00eb arrijm\u00eb nj\u00eb Shqip\u00ebri m\u00eb t\u00eb mir\u00eb, m\u00eb t\u00eb drejt\u00eb dhe demokratike.<\/p>\n<p>Nj\u00eb tjet\u00ebr sfid\u00eb e madhe q\u00eb kemi \u00ebsht\u00eb p\u00ebrballja me propagand\u00ebn q\u00eb po ndodh n\u00ebp\u00ebrmjet mediave t\u00eb kontrolluara nga regjimi aktual. Ka shum\u00eb shqiptar\u00eb n\u00eb m\u00ebrgim q\u00eb e shohin Shqip\u00ebrin\u00eb vet\u00ebm p\u00ebrmes filtrit t\u00eb k\u00ebsaj propagande, duke menduar se gjith\u00e7ka \u00ebsht\u00eb n\u00eb rregull, se vendi yn\u00eb \u00ebsht\u00eb n\u00eb zhvillim e sip\u00ebr. Por realiteti \u00ebsht\u00eb i ndrysh\u00ebm. Ekonomia jon\u00eb \u00ebsht\u00eb n\u00eb v\u00ebshtir\u00ebsi, sh\u00ebrbimi sh\u00ebndet\u00ebsor \u00ebsht\u00eb n\u00eb kolaps, dhe arsimi \u00ebsht\u00eb larg standardeve q\u00eb duhet t\u00eb ket\u00eb.<\/p>\n<p>Ne, si Partia Demokratike, kemi p\u00ebr detyr\u00eb t\u00eb tregojm\u00eb t\u00eb v\u00ebrtet\u00ebn, t\u00eb heqim k\u00ebt\u00eb perde t\u00eb propagand\u00ebs dhe t\u00eb paraqesim realitetin e jet\u00ebs n\u00eb Shqip\u00ebri. Kjo \u00ebsht\u00eb nj\u00eb detyr\u00eb e r\u00ebnd\u00ebsishme p\u00ebr ne dhe p\u00ebr t\u00eb gjith\u00eb ata q\u00eb duan t\u00eb shohin nj\u00eb Shqip\u00ebri t\u00eb v\u00ebrtet\u00eb, nj\u00eb Shqip\u00ebri ku problemet adresohen dhe jo maskohen.<\/p>\n<p>Nj\u00eb m\u00ebnyr\u00eb p\u00ebr t\u00eb ndihmuar n\u00eb leht\u00ebsimin e kthimit t\u00eb m\u00ebrgat\u00ebs \u00ebsht\u00eb forcimi i lidhjeve midis diaspor\u00ebs dhe atdheut. Propozoj gjithashtu q\u00eb ambasadat tona t\u00eb krijojn\u00eb qendra kulturore q\u00eb ofrojn\u00eb kurse t\u00eb gjuh\u00ebs shqipe p\u00ebr f\u00ebmij\u00ebt dhe t\u00eb rriturit q\u00eb kan\u00eb lindur dhe rritur jasht\u00eb vendit. Nj\u00eb lidhje m\u00eb e fort\u00eb me gjuh\u00ebn dhe kultur\u00ebn ton\u00eb do t\u00eb ndihmoj\u00eb n\u00eb ruajtjen e identitetit komb\u00ebtar. Gjithashtu do ta b\u00ebnte kthimin m\u00eb t\u00eb leht\u00eb p\u00ebr t\u00eb gjith\u00eb ata q\u00eb duan t\u00eb kthehen e kontribuojn\u00eb n\u00eb nd\u00ebrtimin e nj\u00eb t\u00eb ardhmeje n\u00eb atdhe.<br \/>\nLe t\u00eb b\u00ebhemi t\u00eb gjith\u00eb bashk\u00eb p\u00ebr t\u00eb nd\u00ebrtuar nj\u00eb Shqip\u00ebri m\u00eb t\u00eb mir\u00eb, nj\u00eb vend ku t\u00eb rinjt\u00eb dhe m\u00ebrgata jon\u00eb t\u00eb jen\u00eb n\u00eb qend\u00ebr t\u00eb zhvillimit dhe p\u00ebrparimit.<br \/>\nJu faleminderit!&#8221;<\/p>","protected":false},"excerpt":{"rendered":"<p>Nga Neada Stana &nbsp; &#8220;T\u00eb nderuar bashk\u00ebatdhetar\u00eb, t\u00eb rinj dhe t\u00eb reja, an\u00ebtar\u00eb t\u00eb Partis\u00eb Demokratike kudo q\u00eb ndodheni, mir\u00ebmbrema. Un\u00eb jam Neada Stana, an\u00ebtare e Departamentit Brain Gain dhe gjithashtu an\u00ebtare e kryesis\u00eb s\u00eb PD-s\u00eb, dega Mat. Ne mblidhemi \u00e7do dit\u00eb k\u00ebtu jo vet\u00ebm p\u00ebr t\u00eb treguar solidaritetin ton\u00eb ndaj nj\u00eb kryetari t\u00eb burgosur [&hellip;]<\/p>","protected":false},"author":1,"featured_media":2710,"comment_status":"closed","ping_status":"closed","sticky":false,"template":"","format":"standard","meta":{"footnotes":""},"categories":[43],"tags":[],"class_list":["post-2299","post","type-post","status-publish","format-standard","has-post-thumbnail","hentry","category-rrugica-e-shpreses"],"_links":{"self":[{"href":"https:\/\/braingain.pd.al\/en\/wp-json\/wp\/v2\/posts\/2299","targetHints":{"allow":["GET"]}}],"collection":[{"href":"https:\/\/braingain.pd.al\/en\/wp-json\/wp\/v2\/posts"}],"about":[{"href":"https:\/\/braingain.pd.al\/en\/wp-json\/wp\/v2\/types\/post"}],"author":[{"embeddable":true,"href":"https:\/\/braingain.pd.al\/en\/wp-json\/wp\/v2\/users\/1"}],"replies":[{"embeddable":true,"href":"https:\/\/braingain.pd.al\/en\/wp-json\/wp\/v2\/comments?post=2299"}],"version-history":[{"count":0,"href":"https:\/\/braingain.pd.al\/en\/wp-json\/wp\/v2\/posts\/2299\/revisions"}],"wp:featuredmedia":[{"embeddable":true,"href":"https:\/\/braingain.pd.al\/en\/wp-json\/wp\/v2\/media\/2710"}],"wp:attachment":[{"href":"https:\/\/braingain.pd.al\/en\/wp-json\/wp\/v2\/media?parent=2299"}],"wp:term":[{"taxonomy":"category","embeddable":true,"href":"https:\/\/braingain.pd.al\/en\/wp-json\/wp\/v2\/categories?post=2299"},{"taxonomy":"post_tag","embeddable":true,"href":"https:\/\/braingain.pd.al\/en\/wp-json\/wp\/v2\/tags?post=2299"}],"curies":[{"name":"wp","href":"https:\/\/api.w.org\/{rel}","templated":true}]}}