{"id":2285,"date":"2024-02-17T12:00:35","date_gmt":"2024-02-17T12:00:35","guid":{"rendered":"https:\/\/braingain.pd.al\/?p=2285"},"modified":"2024-11-13T17:11:26","modified_gmt":"2024-11-13T17:11:26","slug":"kosova-nje-histori","status":"publish","type":"post","link":"https:\/\/braingain.pd.al\/en\/kosova-nje-histori\/","title":{"rendered":"\u2018Kosova: Nj\u00eb histori&#8230;\u2019"},"content":{"rendered":"<h3><strong>Nga Neada Stana<\/strong><\/h3>\n<p>&nbsp;<\/p>\n<p><strong>Dit\u00eb e Sh\u00ebnuar p\u00ebr Popullin Shqiptar: Shpallja e Pavar\u00ebsis\u00eb s\u00eb Kosov\u00ebs<\/strong><\/p>\n<p>Sot \u00ebsht\u00eb nj\u00eb dit\u00eb e sh\u00ebnuar n\u00eb historin\u00eb e popullit ton\u00eb dhe n\u00eb ve\u00e7anti p\u00ebr Shtetin e Kosov\u00ebs. Si sot, 16 vjet m\u00eb par\u00eb, fal\u00eb p\u00ebrpjekjeve, luft\u00ebrave, sakrificave, privacioneve dhe rezistenc\u00ebs s\u00eb pashoqe n\u00eb Evrop\u00ebn e Shekullit t\u00eb 20-t\u00eb dhe fillim shekullit t\u00eb 21-t\u00eb, t\u00eb shqiptar\u00ebve t\u00eb Kosov\u00ebs, u shpall pavar\u00ebsia e Republik\u00ebs s\u00eb Kosov\u00ebs dhe filloi procesi i njohjeve t\u00eb shtetit t\u00eb dyt\u00eb shqiptar n\u00eb Ballkan.<\/p>\n<p>Ardhja e k\u00ebsaj dite t\u00eb bardh\u00eb historike, jo vet\u00ebm p\u00ebr shqiptar\u00ebt e Kosov\u00ebs, por edhe p\u00ebr historin\u00eb e popullit shqiptar si k\u00ebtu n\u00eb Shqip\u00ebri, ashtu edhe n\u00eb trojet etnike q\u00eb i rrethojn\u00eb t\u00eb dyja shtetet tona, ka qen\u00eb nj\u00eb moment i jasht\u00ebzakonsh\u00ebm historik. Ajo dit\u00eb e shpalljes s\u00eb pavar\u00ebsis\u00eb sh\u00ebnon korrigjimin deri n\u00eb nj\u00eb far\u00eb mase t\u00eb padrejt\u00ebsive t\u00eb jasht\u00ebzakonshme q\u00eb i jan\u00eb b\u00ebr\u00eb kombit ton\u00eb nd\u00ebr shekuj, sidomos pas cop\u00ebtimit t\u00eb territoreve t\u00eb t\u00ebra shqiptare n\u00eb 1912 nga fuqit\u00eb e m\u00ebdha.<\/p>\n<p>P\u00ebr arritjen e k\u00ebsaj dite \u00ebsht\u00eb derdhur shum\u00eb gjak, kan\u00eb r\u00ebn\u00eb shum\u00eb heronj dhe martir\u00eb. N\u00eb themelet e saj q\u00ebndron q\u00ebndresa e popullit shqiptar. Por, kjo arritje kaq e madhe nuk do t\u00eb vinte dot pa mb\u00ebshtetjen e miqve tan\u00eb per\u00ebndimor\u00eb, m\u00eb s\u00eb pari atyre Anglo\u2013Amerikan\u00eb, t\u00eb cil\u00ebt luajt\u00ebn rolin kryesor n\u00eb \u00e7lirimin e Kosov\u00ebs.<\/p>\n<p>N\u00eb fakt, ka qen\u00eb nj\u00eb qasje e p\u00ebrbashk\u00ebt e rezistenc\u00ebs s\u00eb popullit shqiptar, fillimisht me forma paq\u00ebsore dhe m\u00eb pas me forma t\u00eb rezistenc\u00ebs s\u00eb armatosur, q\u00eb nd\u00ebrgjegj\u00ebsoi bashk\u00ebsin\u00eb per\u00ebndimore demokratike p\u00ebr genocidin q\u00eb po ushtrohej ndaj popullit ton\u00eb. Por bashk\u00eb me t\u00eb, kan\u00eb luajtur nj\u00eb rol shum\u00eb dometh\u00ebn\u00ebs dhe t\u00eb pakrahasuesh\u00ebm edhe individ\u00eb t\u00eb shquar nga bota Anglo\u2013Amerikane q\u00eb i shpjeguan Per\u00ebndimit t\u00eb v\u00ebrtet\u00ebn historike mbi prejardhjen autoktone t\u00eb shqiptar\u00ebve n\u00eb Kosov\u00eb, n\u00eb Dardani.<\/p>\n<p>Nd\u00ebrsa shqiptar\u00ebt luftonin, vendimmarr\u00ebsit e aleanc\u00ebs s\u00eb Veriut, NATO, duhej t\u00eb kishin argumentin historik dhe shkencor p\u00ebr t\u00eb argumentuar aktin e nd\u00ebrhyrjes ushtarake. K\u00ebtu ka luajtur nj\u00eb rol shum\u00eb t\u00eb r\u00ebnd\u00ebsish\u00ebm dhe libri i Sir Malcolm, <em>\u201cKosova: Nj\u00eb Histori e Shkurt\u00ebr\u201d<\/em>, duke pasur nj\u00eb efekt dometh\u00ebn\u00ebs n\u00eb m\u00ebnyr\u00ebn sesi politikan\u00ebt per\u00ebndimor\u00eb e kuptuan r\u00ebnd\u00ebsin\u00eb dhe situat\u00ebn e \u00e7\u00ebshtjes s\u00eb Kosov\u00ebs nga k\u00ebndv\u00ebshtrimi i nj\u00eb studiuesi nd\u00ebrkomb\u00ebtar.<\/p>\n<p>Ky lib\u00ebr b\u00ebri q\u00eb qendra bot\u00ebrore ta shihte me nj\u00eb sy krejt tjet\u00ebr problemin e Kosov\u00ebs n\u00eb prag t\u00eb luft\u00ebs. Autori e paraqet nj\u00eb pasqyrim objektiv t\u00eb Kosov\u00ebs gjat\u00eb luft\u00ebs me Serbin\u00eb. Historia e Kosov\u00ebs q\u00eb nga periudha e pushtimit romak e deri n\u00eb dit\u00ebt e sotme \u00ebsht\u00eb n\u00eb fokus t\u00eb librit <em>\u201cKosova: Nj\u00eb Histori e Shkurt\u00ebr\u201d<\/em> t\u00eb historianit anglez Noel Malcolm. Kjo \u00ebsht\u00eb edhe vepra q\u00eb e cil\u00ebsoi at\u00eb si m\u00eb t\u00eb mirin e autor\u00ebve t\u00eb huaj n\u00eb konkursin e albanologjis\u00eb.<\/p>\n<p>Sir Malcolm trajton me objektivitet ngjarjet historike dhe rivler\u00ebson t\u00eb v\u00ebrtet\u00ebn historike t\u00eb deformuar nga mitet dhe trajtimi tendencioz i historiografis\u00eb serbe. T\u00eb cilin e fal\u00ebnderojm\u00eb n\u00eb em\u00ebr t\u00eb t\u00eb gjith\u00eb shqiptar\u00ebve p\u00ebr k\u00ebt\u00eb kontribut t\u00eb jasht\u00ebzakonsh\u00ebm q\u00eb i ka dhuruar kombit ton\u00eb me vepr\u00ebn <em>\u201cKosova: Nj\u00eb Histori e Shkurt\u00ebr\u201d<\/em>.<\/p>\n<p><strong>Q\u00ebndrimi i Partis\u00eb Demokratike ndaj \u00c7\u00ebshtjes s\u00eb Kosov\u00ebs<\/strong><\/p>\n<p>P\u00ebrsa i p\u00ebrket q\u00ebndrimit t\u00eb Partis\u00eb Demokratike ndaj \u00e7\u00ebshtjes s\u00eb Kosov\u00ebs, ajo q\u00eb n\u00eb gjenez\u00eb, q\u00eb n\u00eb themelimin e saj n\u00eb shkurt t\u00eb vitit 1990, kishte n\u00eb programin e saj themelues \u00e7\u00ebshtjen e Kosov\u00ebs, ku theksonte: \u201cPD do t\u00eb luftoj\u00eb p\u00ebr t\u00eb drejtat e shtetasve shqiptar\u00eb n\u00eb Jugosllavi\u201d.<\/p>\n<p>Gjat\u00eb viteve 1991-1994, iu dha udh\u00ebzim i ve\u00e7ant\u00eb trup\u00ebs diplomatike shqiptare, q\u00eb t\u2019i kushtohet r\u00ebnd\u00ebsi e ve\u00e7ant\u00eb \u00e7\u00ebshtjes s\u00eb Kosov\u00ebs. Nj\u00eb nga drejtimet kryesore t\u00eb politik\u00ebs n\u00eb ato vite ishte \u00e7\u00ebshtja e Kosov\u00ebs, dhe diplomacia shqiptare ka qen\u00eb gjithmon\u00eb n\u00eb dispozicion t\u00eb Kosov\u00ebs dhe Rugov\u00ebs. Partia Demokratike ka pasur nj\u00eb qasje t\u00eb pal\u00ebkundur ndaj \u00e7\u00ebshtjes s\u00eb Kosov\u00ebs, q\u00eb ka dhe kontinuitet deri n\u00eb dit\u00ebt e sotme.<\/p>\n<p>Slogani \u201cNj\u00eb Komb, Nj\u00eb Q\u00ebndrim\u201d ka sh\u00ebrbyer si udh\u00ebrr\u00ebfyes p\u00ebr mbajtjen e nj\u00eb q\u00ebndrimi t\u00eb fort\u00eb ndaj luft\u00ebs n\u00eb Kosov\u00eb. PD ishte formuluese e tez\u00ebs: \u201cNuk jemi aktor, por aktiv\u201d. Dy definicione t\u00eb Partis\u00eb Demokratike q\u00eb kan\u00eb ndikuar n\u00eb Pavar\u00ebsin\u00eb e Kosov\u00ebs dhe n\u00eb q\u00ebndrueshm\u00ebrin\u00eb e politikave tona dhe n\u00eb ndikimin me nd\u00ebrkomb\u00ebtar\u00ebt.<\/p>\n<p>Pas vitit 2005, Partia Demokratike ishte ideatorja dhe realizuesja e Rrug\u00ebs s\u00eb Kombit, rrug\u00eb q\u00eb lidhi dy pjes\u00eb t\u00eb kombit. Gjithashtu, ishte formuluese e tez\u00ebs se Bashkimi Komb\u00ebtar do t\u00eb b\u00ebhet n\u00eb BE. Ajo ka luajtur nj\u00eb rol jetik n\u00eb emancipimin e \u00e7\u00ebshtjes s\u00eb Kosov\u00ebs s\u00eb \u00e7liruar drejt Pavar\u00ebsis\u00eb.<\/p>\n<p>Megjithat\u00eb, \u00ebsht\u00eb e r\u00ebnd\u00ebsishme t\u00eb vazhdojm\u00eb t\u00eb kemi t\u00eb nj\u00ebjt\u00ebn qasje dhe n\u00eb t\u00eb ardhmen, t\u00eb ndjekim t\u00eb nj\u00ebjt\u00ebn tradit\u00eb dhe seriozitet me Kosov\u00ebn si shtet i Pavarur, aspirant p\u00ebr NATO dhe BE.<\/p>\n<p><strong>Roli i Shqip\u00ebris\u00eb n\u00eb Pavar\u00ebsin\u00eb e Kosov\u00ebs dhe Q\u00ebndrimi i Edi Ram\u00ebs<\/strong><\/p>\n<p>T\u00eb ndiqet e nj\u00ebjta linj\u00eb bashk\u00ebpunimi p\u00ebr t\u00eb ekuilibruar dhe neutralizuar ndikimin dhe bashk\u00ebpunimin e Serbis\u00eb dhe Rusis\u00eb n\u00eb Ballkan. Nj\u00eb bashk\u00ebpunim i till\u00eb \u00ebsht\u00eb n\u00eb dobi t\u00eb paqes dhe stabilitetit n\u00eb rajon dhe n\u00eb Europ\u00eb. Duhet nj\u00eb bashk\u00ebpunim komplementues n\u00eb zbatim t\u00eb detyrimeve kushtetuese n\u00eb parim me ato pozita n\u00eb njohje dhe pozitat nd\u00ebrkomb\u00ebtare.<\/p>\n<p>Edi Rama \u00ebsht\u00eb kthyer n\u00eb q\u00ebndrimin fillestar \u201caktor dhe jo aktiv\u201d. Kosova \u00ebsht\u00eb vet\u00eb aktore e fatit t\u00eb saj si shtet i pavarur dhe sovran, Shqip\u00ebria duhet t\u00eb jet\u00eb aktive. Shqip\u00ebria duhet t\u00eb mb\u00ebshtes\u00eb forcimin e shtetit t\u00eb Kosov\u00ebs dhe shtetformimin e saj, duke ndikuar n\u00eb forcimin e narrativ\u00ebs s\u00eb saj nd\u00ebrkomb\u00ebtarisht drejt integrimit.<\/p>\n<p>Edi Rama ka vendosur nj\u00eb konflikt t\u00eb thell\u00eb dhe t\u00eb d\u00ebmsh\u00ebm me kryeministrat e shtetit t\u00eb Kosov\u00ebs, t\u00eb kaluar dhe aktual.<\/p>\n<p><strong>Q\u00ebndrimi i Partis\u00eb Demokratike ndaj Marr\u00ebdh\u00ebnieve Shqip\u00ebri-Kosov\u00eb<\/strong><\/p>\n<p>Partia Demokratike nuk do t\u00eb b\u00ebj\u00eb show pa substanc\u00eb bashk\u00ebpunimi. Ajo nuk do t\u00eb lejoj\u00eb q\u00eb ndjeshm\u00ebria q\u00eb kan\u00eb shqiptar\u00ebt p\u00ebr marr\u00ebdh\u00ebnien Shqip\u00ebri\u2013Kosov\u00eb, t\u00eb shnd\u00ebrrohet n\u00eb show personal t\u00eb Edi Ram\u00ebs. PD do t\u00eb ket\u00eb marr\u00ebdh\u00ebnie me institucionet shtet\u00ebrore t\u00eb Kosov\u00ebs, sepse t\u00eb gjith\u00eb jan\u00eb t\u00eb dobish\u00ebm p\u00ebr Kosov\u00ebn. PD nuk do t\u00eb lejoj\u00eb q\u00eb \u00e7\u00ebshtja e marr\u00ebdh\u00ebnies Shqip\u00ebri-Kosov\u00eb t\u00eb shnd\u00ebrrohet n\u00eb nj\u00eb spektak\u00ebl pa substanc\u00eb.<\/p>\n<p>P\u00ebrpjekjet do t\u00eb ken\u00eb nj\u00eb q\u00ebllim komb\u00ebtar: ndihmimin e institucioneve shtet\u00ebrore t\u00eb Kosov\u00ebs dhe mbrojtjen e historis\u00eb s\u00eb lavdishme t\u00eb U\u00c7K. PD beson dhe do t\u00eb vazhdoj\u00eb t\u00eb besoj\u00eb n\u00eb pafajsin\u00eb e U\u00c7K dhe nuk do t\u00eb lejoj\u00eb q\u00eb mbi historin\u00eb e saj t\u00eb lavdishme t\u00eb hidhet balta e synuar nga Beogradi dhe Rusia.<\/p>","protected":false},"excerpt":{"rendered":"<p>Nga Neada Stana &nbsp; Dit\u00eb e Sh\u00ebnuar p\u00ebr Popullin Shqiptar: Shpallja e Pavar\u00ebsis\u00eb s\u00eb Kosov\u00ebs Sot \u00ebsht\u00eb nj\u00eb dit\u00eb e sh\u00ebnuar n\u00eb historin\u00eb e popullit ton\u00eb dhe n\u00eb ve\u00e7anti p\u00ebr Shtetin e Kosov\u00ebs. Si sot, 16 vjet m\u00eb par\u00eb, fal\u00eb p\u00ebrpjekjeve, luft\u00ebrave, sakrificave, privacioneve dhe rezistenc\u00ebs s\u00eb pashoqe n\u00eb Evrop\u00ebn e Shekullit t\u00eb 20-t\u00eb dhe [&hellip;]<\/p>","protected":false},"author":1,"featured_media":2286,"comment_status":"closed","ping_status":"closed","sticky":false,"template":"","format":"standard","meta":{"footnotes":""},"categories":[42],"tags":[],"class_list":["post-2285","post","type-post","status-publish","format-standard","has-post-thumbnail","hentry","category-ceshtje-nderkombetare"],"_links":{"self":[{"href":"https:\/\/braingain.pd.al\/en\/wp-json\/wp\/v2\/posts\/2285","targetHints":{"allow":["GET"]}}],"collection":[{"href":"https:\/\/braingain.pd.al\/en\/wp-json\/wp\/v2\/posts"}],"about":[{"href":"https:\/\/braingain.pd.al\/en\/wp-json\/wp\/v2\/types\/post"}],"author":[{"embeddable":true,"href":"https:\/\/braingain.pd.al\/en\/wp-json\/wp\/v2\/users\/1"}],"replies":[{"embeddable":true,"href":"https:\/\/braingain.pd.al\/en\/wp-json\/wp\/v2\/comments?post=2285"}],"version-history":[{"count":0,"href":"https:\/\/braingain.pd.al\/en\/wp-json\/wp\/v2\/posts\/2285\/revisions"}],"wp:featuredmedia":[{"embeddable":true,"href":"https:\/\/braingain.pd.al\/en\/wp-json\/wp\/v2\/media\/2286"}],"wp:attachment":[{"href":"https:\/\/braingain.pd.al\/en\/wp-json\/wp\/v2\/media?parent=2285"}],"wp:term":[{"taxonomy":"category","embeddable":true,"href":"https:\/\/braingain.pd.al\/en\/wp-json\/wp\/v2\/categories?post=2285"},{"taxonomy":"post_tag","embeddable":true,"href":"https:\/\/braingain.pd.al\/en\/wp-json\/wp\/v2\/tags?post=2285"}],"curies":[{"name":"wp","href":"https:\/\/api.w.org\/{rel}","templated":true}]}}