{"id":45,"count":3,"description":"\"Bilanci i Qyteteve pas 11 viteve propagand\u00eb 2013 - 2024\" \u00ebsht\u00eb nj\u00eb n\u00ebnprojekt i konceptuar n\u00eb funksion t\u00eb kontributit t\u00eb \"Laboratorit t\u00eb Ideve\" p\u00ebr decentralizimin e v\u00ebmendjes politike dhe rizgjimin e politik\u00ebs lokale, duke kthyer projektor\u00ebt e v\u00ebmendjes drejt qyteteve dhe problematikave t\u00eb tyre.","link":"https:\/\/braingain.pd.al\/en\/category\/bilanci-i-qyteteve\/","name":"Bilanci i Qyteteve","slug":"bilanci-i-qyteteve","taxonomy":"category","parent":0,"meta":[],"_links":{"self":[{"href":"https:\/\/braingain.pd.al\/en\/wp-json\/wp\/v2\/categories\/45","targetHints":{"allow":["GET"]}}],"collection":[{"href":"https:\/\/braingain.pd.al\/en\/wp-json\/wp\/v2\/categories"}],"about":[{"href":"https:\/\/braingain.pd.al\/en\/wp-json\/wp\/v2\/taxonomies\/category"}],"wp:post_type":[{"href":"https:\/\/braingain.pd.al\/en\/wp-json\/wp\/v2\/posts?categories=45"}],"curies":[{"name":"wp","href":"https:\/\/api.w.org\/{rel}","templated":true}]}}